{"id":1993,"date":"2026-09-02T18:51:07","date_gmt":"2026-09-02T16:51:07","guid":{"rendered":"https:\/\/sites.ffkarate.fr\/cdkvar83\/?p=1993"},"modified":"2026-09-02T18:51:07","modified_gmt":"2026-09-02T16:51:07","slug":"rentree-sportive-2026-2027","status":"publish","type":"post","link":"https:\/\/sites.ffkarate.fr\/cdkvar83\/2026\/09\/02\/rentree-sportive-2026-2027\/","title":{"rendered":"RENTR\u00c9E SPORTIVE 2026-2027"},"content":{"rendered":"<div class=\"wpb-content-wrapper\"><p>[vc_row][vc_column][vc_column_text]<\/p>\n<p align=\"center\"><span style=\"font-family: Times New Roman, serif\"><strong>COMIT\u00c9 D\u00c9PARTEMENTAL DU VAR DE KARAT\u00c9<\/strong><\/span><\/p>\n<p align=\"center\"><span style=\"font-family: Times New Roman, serif\"><strong>RENTR\u00c9E SPORTIVE 2026-2027<\/strong><\/span><\/p>\n<p><span style=\"font-family: Times New Roman, serif\">Le <strong>Comit\u00e9 D\u00e9partemental du Var de Karat\u00e9 et Disciplines Associ\u00e9es<\/strong> souhaite une excellente reprise \u00e0 l\u2019ensemble des clubs, dirigeants, enseignants, licenci\u00e9s et b\u00e9n\u00e9voles du d\u00e9partement.<\/span><\/p>\n<p>\ud83d\udce9 <span style=\"font-family: Times New Roman, serif\"><strong>AFFILIATIONS CLUBS<\/strong><\/span><\/p>\n<p><span style=\"font-family: Times New Roman, serif\">Les documents relatifs aux <strong>affiliations des clubs pour la saison 2026-2027<\/strong> sont joint \u00e0 cet envoi <\/span><\/p>\n<p><span style=\"font-family: Times New Roman, serif\">Conform\u00e9ment \u00e0 la d\u00e9cision de l\u2019assembl\u00e9e g\u00e9n\u00e9rale de novembre 2025 les clubs affili\u00e9s au COMITE DU VAR DE KARATE ET DA doivent s\u2019acquitter de la cotisation CLUB d\u2019un montant de 250\u00a0,00 euros r\u00e9parti de la mani\u00e8re suivante\u00a0:150 Euros cotisation f\u00e9d\u00e9rale 100 Euros cotisation d\u00e9partementale.<\/span><\/p>\n<p><span style=\"font-family: Times New Roman, serif\">Cette cotisation nous permettra de maintenir une politique sportive pour tous les clubs affili\u00e9s\u00a0:comp\u00e9tition d\u2019animation, stage expert , d\u00e9veloppement f\u00e9minin, journ\u00e9e animation poussins et mini poussins, comp\u00e9titions et stages v\u00e9t\u00e9rans.<\/span><\/p>\n<p>\ud83d\udcc5 <span style=\"font-family: Times New Roman, serif\"><strong>CALENDRIER D\u00c9PARTEMENTAL<\/strong><\/span><\/p>\n<p><span style=\"font-family: Times New Roman, serif\">Le <strong>calendrier des activit\u00e9s et manifestations du Comit\u00e9 D\u00e9partemental du Var<\/strong> est joint en format Excel.<\/span><\/p>\n<p><span style=\"font-family: Times New Roman, serif\">Les comp\u00e9titions qualificatives sont bloqu\u00e9es conform\u00e9ment aux demandes F\u00e9d\u00e9rales ,il reste d\u2019autres comp\u00e9tition qui sernt ajout\u00e9es sous peu soit par la LIGUE soit par le CD.<\/span><\/p>\n<p>\ud83e\udd1d <span style=\"font-family: Times New Roman, serif\"><strong>R\u00c9UNION DES PR\u00c9SIDENTS &amp; ENSEIGNANTS<\/strong><\/span><\/p>\n<p>\ud83d\udcc6 <span style=\"font-family: Times New Roman, serif\"><strong>dimanche 27 septembre 2026<\/strong><\/span><\/p>\n<p><span style=\"font-family: Times New Roman, serif\">Cette r\u00e9union sera l\u2019occasion de pr\u00e9senter <strong>toutes les informations n\u00e9cessaires au bon fonctionnement des clubs et au d\u00e9roulement de la nouvelle saison<\/strong> :<\/span><\/p>\n<p>\u2022 <span style=\"font-family: Times New Roman, serif\">Informations f\u00e9d\u00e9rales et d\u00e9partementales<br \/>\n\u2022 Affiliation et licences<br \/>\n\u2022 Calendrier des comp\u00e9titions et manifestations<br \/>\n\u2022 Stages et actions d\u00e9partementales<br \/>\n\u2022 Formation et accompagnement des enseignants (nouveaux dipl\u00f4mes)<br \/>\n\u2022 Informations administratives<br \/>\n\u2022 Projets et perspectives pour la saison 2026-2027<\/span><\/p>\n<p><span style=\"font-family: Times New Roman, serif\"><strong>Un rendez-vous important pour pr\u00e9parer ensemble une nouvelle saison dynamique, ambitieuse et au service de nos clubs et de nos licenci\u00e9s.<\/strong><\/span><\/p>\n<p><span style=\"font-family: Times New Roman, serif\">Le Comit\u00e9 D\u00e9partemental du Var souhaite \u00e0 toutes et \u00e0 tous une <strong>excellente rentr\u00e9e sportive !<\/strong><\/span><\/p>\n<p>\ud83e\udd4b <span style=\"font-family: Times New Roman, serif\"><strong>Bonne saison 2026-2027 \u00e0 tous !<\/strong><\/span><\/p>\n<p><span style=\"font-family: Times New Roman, serif\"><strong>Comit\u00e9 D\u00e9partemental du Var de Karat\u00e9 et Disciplines Associ\u00e9es<\/strong><\/span><\/p>\n<p>[\/vc_column_text][\/vc_column][\/vc_row]<\/p>\n<\/div>","protected":false},"excerpt":{"rendered":"<p>[vc_row][vc_column][vc_column_text] COMIT\u00c9 D\u00c9PARTEMENTAL DU VAR DE KARAT\u00c9 RENTR\u00c9E SPORTIVE 2026-2027 Le Comit\u00e9 D\u00e9partemental du Var de Karat\u00e9 et Disciplines Associ\u00e9es souhaite une excellente reprise \u00e0 l\u2019ensemble des clubs, dirigeants, enseignants, licenci\u00e9s et b\u00e9n\u00e9voles du d\u00e9partement. \ud83d\udce9 AFFILIATIONS CLUBS Les documents relatifs aux affiliations des clubs pour la saison 2026-2027 sont joint \u00e0 cet envoi Conform\u00e9ment [&hellip;]<\/p>\n","protected":false},"author":151,"featured_media":0,"comment_status":"open","ping_status":"open","sticky":false,"template":"","format":"standard","meta":{"footnotes":""},"categories":[1],"tags":[],"class_list":["post-1993","post","type-post","status-publish","format-standard","hentry","category-non-classe"],"_links":{"self":[{"href":"https:\/\/sites.ffkarate.fr\/cdkvar83\/wp-json\/wp\/v2\/posts\/1993","targetHints":{"allow":["GET"]}}],"collection":[{"href":"https:\/\/sites.ffkarate.fr\/cdkvar83\/wp-json\/wp\/v2\/posts"}],"about":[{"href":"https:\/\/sites.ffkarate.fr\/cdkvar83\/wp-json\/wp\/v2\/types\/post"}],"author":[{"embeddable":true,"href":"https:\/\/sites.ffkarate.fr\/cdkvar83\/wp-json\/wp\/v2\/users\/151"}],"replies":[{"embeddable":true,"href":"https:\/\/sites.ffkarate.fr\/cdkvar83\/wp-json\/wp\/v2\/comments?post=1993"}],"version-history":[{"count":1,"href":"https:\/\/sites.ffkarate.fr\/cdkvar83\/wp-json\/wp\/v2\/posts\/1993\/revisions"}],"predecessor-version":[{"id":1994,"href":"https:\/\/sites.ffkarate.fr\/cdkvar83\/wp-json\/wp\/v2\/posts\/1993\/revisions\/1994"}],"wp:attachment":[{"href":"https:\/\/sites.ffkarate.fr\/cdkvar83\/wp-json\/wp\/v2\/media?parent=1993"}],"wp:term":[{"taxonomy":"category","embeddable":true,"href":"https:\/\/sites.ffkarate.fr\/cdkvar83\/wp-json\/wp\/v2\/categories?post=1993"},{"taxonomy":"post_tag","embeddable":true,"href":"https:\/\/sites.ffkarate.fr\/cdkvar83\/wp-json\/wp\/v2\/tags?post=1993"}],"curies":[{"name":"wp","href":"https:\/\/api.w.org\/{rel}","templated":true}]}}