{"id":2694,"date":"2021-07-07T10:22:39","date_gmt":"2021-07-07T08:22:39","guid":{"rendered":"https:\/\/sites.ffkarate.fr\/centrevaldeloire\/?p=2694"},"modified":"2021-07-07T10:38:35","modified_gmt":"2021-07-07T08:38:35","slug":"la-der-du-passage-de-grade-regional","status":"publish","type":"post","link":"https:\/\/sites.ffkarate.fr\/centrevaldeloire\/2021\/07\/07\/la-der-du-passage-de-grade-regional\/","title":{"rendered":"La der du passage de grade r\u00e9gional"},"content":{"rendered":"<div class=\"wpb-content-wrapper\"><p>[vc_row][vc_column][vc_column_text]<\/p>\n<div class=\"kvgmc6g5 cxmmr5t8 oygrvhab hcukyx3x c1et5uql ii04i59q\">\n<div dir=\"auto\">Au Dojo r\u00e9gional \u00e0 Blois ce week-end (19-20 juin), une petite quarantaine de candidats ont rendez-vous pour les passages de grade du 1er au 5e Dan, toujours organis\u00e9 \u00e0 huit clos. Ils vont conna\u00eetre un petit \u00e9v\u00e9nement puisqu\u2019il s\u2019agit de l\u2019ultime \u00e9pisode de la version actuelle.<\/div>\n<\/div>\n<div class=\"o9v6fnle cxmmr5t8 oygrvhab hcukyx3x c1et5uql ii04i59q\">\n<div dir=\"auto\">Suite au changement de r\u00e8glement qui s\u2019appliquera d\u00e8s septembre, le passage du 1er Dan se d\u00e9roulera d\u00e9sormais dans les clubs et celui des 2e, 3e et 4e Dan au niveau des d\u00e9partements. Seul le 5e Dan sera toujours jug\u00e9 au niveau de la Ligue.<\/div>\n<div dir=\"auto\">Patrick Bouchaib, le responsable r\u00e9gional des grades a ainsi d\u00e9cid\u00e9 de convoquer une quinzaine de jur\u00e9s. \u00ab Histoire de tourner la page et de passer une journ\u00e9e sympa entre nous \u00bb, raconte-t-il. \u00ab J\u2019ai convoqu\u00e9 tous les jur\u00e9s qui ont offici\u00e9 r\u00e9guli\u00e8rement depuis 2-3 ans. D\u00e9sormais, nous allons nous voir beaucoup moins souvent. Ce sera limit\u00e9. Il n\u2019y a gu\u00e8re qu\u2019une vingtaine de candidats au 5e Dan par an \u00bb.<\/div>\n<div dir=\"auto\">Dimanche 20, ils seront 7 \u00e0 se pr\u00e9senter. La veille, les autres auront tent\u00e9 le 1er, 2e, 3e ou 4e Dan. Bonne chance \u00e0 tous !<\/div>\n<\/div>\n<div class=\"o9v6fnle cxmmr5t8 oygrvhab hcukyx3x c1et5uql ii04i59q\">\n<div dir=\"auto\"><span class=\"pq6dq46d tbxw36s4 knj5qynh kvgmc6g5 ditlmg2l oygrvhab nvdbi5me sf5mxxl7 gl3lb2sf hhz5lgdu\"><img decoding=\"async\" src=\"https:\/\/www.facebook.com\/images\/emoji.php\/v9\/tde\/1\/16\/1f4f8.png\" alt=\"\ud83d\udcf8\" width=\"16\" height=\"16\" \/><\/span> Denis Boulanger \/ FFK<\/div>\n<\/div>\n<p>[\/vc_column_text][\/vc_column][\/vc_row]<\/p>\n<\/div>","protected":false},"excerpt":{"rendered":"<p>[vc_row][vc_column][vc_column_text] Au Dojo r\u00e9gional \u00e0 Blois ce week-end (19-20 juin), une petite quarantaine de candidats ont rendez-vous pour les passages de grade du 1er au 5e Dan, toujours organis\u00e9 \u00e0 huit clos. Ils vont conna\u00eetre un petit \u00e9v\u00e9nement puisqu\u2019il s\u2019agit de l\u2019ultime \u00e9pisode de la version actuelle. Suite au changement de r\u00e8glement qui s\u2019appliquera d\u00e8s [&hellip;]<\/p>\n","protected":false},"author":105,"featured_media":2695,"comment_status":"closed","ping_status":"closed","sticky":false,"template":"","format":"standard","meta":{"footnotes":""},"categories":[5],"tags":[],"class_list":["post-2694","post","type-post","status-publish","format-standard","hentry","category-actualites"],"_links":{"self":[{"href":"https:\/\/sites.ffkarate.fr\/centrevaldeloire\/wp-json\/wp\/v2\/posts\/2694","targetHints":{"allow":["GET"]}}],"collection":[{"href":"https:\/\/sites.ffkarate.fr\/centrevaldeloire\/wp-json\/wp\/v2\/posts"}],"about":[{"href":"https:\/\/sites.ffkarate.fr\/centrevaldeloire\/wp-json\/wp\/v2\/types\/post"}],"author":[{"embeddable":true,"href":"https:\/\/sites.ffkarate.fr\/centrevaldeloire\/wp-json\/wp\/v2\/users\/105"}],"replies":[{"embeddable":true,"href":"https:\/\/sites.ffkarate.fr\/centrevaldeloire\/wp-json\/wp\/v2\/comments?post=2694"}],"version-history":[{"count":1,"href":"https:\/\/sites.ffkarate.fr\/centrevaldeloire\/wp-json\/wp\/v2\/posts\/2694\/revisions"}],"predecessor-version":[{"id":2696,"href":"https:\/\/sites.ffkarate.fr\/centrevaldeloire\/wp-json\/wp\/v2\/posts\/2694\/revisions\/2696"}],"wp:featuredmedia":[{"embeddable":true,"href":"https:\/\/sites.ffkarate.fr\/centrevaldeloire\/wp-json\/wp\/v2\/media\/2695"}],"wp:attachment":[{"href":"https:\/\/sites.ffkarate.fr\/centrevaldeloire\/wp-json\/wp\/v2\/media?parent=2694"}],"wp:term":[{"taxonomy":"category","embeddable":true,"href":"https:\/\/sites.ffkarate.fr\/centrevaldeloire\/wp-json\/wp\/v2\/categories?post=2694"},{"taxonomy":"post_tag","embeddable":true,"href":"https:\/\/sites.ffkarate.fr\/centrevaldeloire\/wp-json\/wp\/v2\/tags?post=2694"}],"curies":[{"name":"wp","href":"https:\/\/api.w.org\/{rel}","templated":true}]}}