{"id":6164,"date":"2026-05-21T08:52:24","date_gmt":"2026-05-21T06:52:24","guid":{"rendered":"https:\/\/sites.ffkarate.fr\/centrevaldeloire\/?p=6164"},"modified":"2026-05-21T09:05:27","modified_gmt":"2026-05-21T07:05:27","slug":"euro-2026-le-kata-en-lice","status":"publish","type":"post","link":"https:\/\/sites.ffkarate.fr\/centrevaldeloire\/2026\/05\/21\/euro-2026-le-kata-en-lice\/","title":{"rendered":"Euro 2026 : Le Kata en lice"},"content":{"rendered":"<div class=\"wpb-content-wrapper\"><p>[vc_row][vc_column][vc_column_text]C\u2019est le jour J pour Pascal Poitevin, Tom Peltier et l\u2019\u00e9quipe de France Kata aux Championnats d\u2019Europe qui ont d\u00e9but\u00e9 hier \u00e0 Francfort. L\u2019enjeu\u00a0? Se qualifier pour la Coupe du monde \u00e0 l\u2019automne en Chine. Les Fran\u00e7ais, lors du 1<sup>er<\/sup> tour, seront oppos\u00e9s aux Allemands ou aux Turcs. Bonne chance \u00e0 eux !<\/p>\n<p><img decoding=\"async\" class=\"alignnone wp-image-6166\" src=\"https:\/\/sites.ffkarate.fr\/centrevaldeloire\/wp-content\/uploads\/sites\/111\/2026\/05\/Peltier-2-300x223.jpg\" alt=\"\" width=\"394\" height=\"293\" srcset=\"https:\/\/sites.ffkarate.fr\/centrevaldeloire\/wp-content\/uploads\/sites\/111\/2026\/05\/Peltier-2-300x223.jpg 300w, https:\/\/sites.ffkarate.fr\/centrevaldeloire\/wp-content\/uploads\/sites\/111\/2026\/05\/Peltier-2-1024x761.jpg 1024w, https:\/\/sites.ffkarate.fr\/centrevaldeloire\/wp-content\/uploads\/sites\/111\/2026\/05\/Peltier-2-768x571.jpg 768w, https:\/\/sites.ffkarate.fr\/centrevaldeloire\/wp-content\/uploads\/sites\/111\/2026\/05\/Peltier-2-1536x1142.jpg 1536w, https:\/\/sites.ffkarate.fr\/centrevaldeloire\/wp-content\/uploads\/sites\/111\/2026\/05\/Peltier-2-2048x1522.jpg 2048w\" sizes=\"(max-width: 394px) 100vw, 394px\" \/>[\/vc_column_text][\/vc_column][\/vc_row]<\/p>\n<\/div>","protected":false},"excerpt":{"rendered":"<p>[vc_row][vc_column][vc_column_text]C\u2019est le jour J pour Pascal Poitevin, Tom Peltier et l\u2019\u00e9quipe de France Kata aux Championnats d\u2019Europe qui ont d\u00e9but\u00e9 hier \u00e0 Francfort. L\u2019enjeu\u00a0? Se qualifier pour la Coupe du monde \u00e0 l\u2019automne en Chine. Les Fran\u00e7ais, lors du 1er tour, seront oppos\u00e9s aux Allemands ou aux Turcs. Bonne chance \u00e0 eux ! [\/vc_column_text][\/vc_column][\/vc_row]<\/p>\n","protected":false},"author":105,"featured_media":6165,"comment_status":"open","ping_status":"open","sticky":false,"template":"","format":"standard","meta":{"footnotes":""},"categories":[5,10,14,102],"tags":[],"class_list":["post-6164","post","type-post","status-publish","format-standard","hentry","category-actualites","category-competitions","category-karate","category-kata"],"_links":{"self":[{"href":"https:\/\/sites.ffkarate.fr\/centrevaldeloire\/wp-json\/wp\/v2\/posts\/6164","targetHints":{"allow":["GET"]}}],"collection":[{"href":"https:\/\/sites.ffkarate.fr\/centrevaldeloire\/wp-json\/wp\/v2\/posts"}],"about":[{"href":"https:\/\/sites.ffkarate.fr\/centrevaldeloire\/wp-json\/wp\/v2\/types\/post"}],"author":[{"embeddable":true,"href":"https:\/\/sites.ffkarate.fr\/centrevaldeloire\/wp-json\/wp\/v2\/users\/105"}],"replies":[{"embeddable":true,"href":"https:\/\/sites.ffkarate.fr\/centrevaldeloire\/wp-json\/wp\/v2\/comments?post=6164"}],"version-history":[{"count":3,"href":"https:\/\/sites.ffkarate.fr\/centrevaldeloire\/wp-json\/wp\/v2\/posts\/6164\/revisions"}],"predecessor-version":[{"id":6169,"href":"https:\/\/sites.ffkarate.fr\/centrevaldeloire\/wp-json\/wp\/v2\/posts\/6164\/revisions\/6169"}],"wp:featuredmedia":[{"embeddable":true,"href":"https:\/\/sites.ffkarate.fr\/centrevaldeloire\/wp-json\/wp\/v2\/media\/6165"}],"wp:attachment":[{"href":"https:\/\/sites.ffkarate.fr\/centrevaldeloire\/wp-json\/wp\/v2\/media?parent=6164"}],"wp:term":[{"taxonomy":"category","embeddable":true,"href":"https:\/\/sites.ffkarate.fr\/centrevaldeloire\/wp-json\/wp\/v2\/categories?post=6164"},{"taxonomy":"post_tag","embeddable":true,"href":"https:\/\/sites.ffkarate.fr\/centrevaldeloire\/wp-json\/wp\/v2\/tags?post=6164"}],"curies":[{"name":"wp","href":"https:\/\/api.w.org\/{rel}","templated":true}]}}