{"id":1064,"date":"2017-09-21T13:48:08","date_gmt":"2017-09-21T11:48:08","guid":{"rendered":"https:\/\/sites.ffkarate.fr\/cher\/?post_type=news&amp;p=1064"},"modified":"2017-09-21T13:48:08","modified_gmt":"2017-09-21T11:48:08","slug":"certificat-medical","status":"publish","type":"post","link":"https:\/\/sites.ffkarate.fr\/cher\/certificat-medical\/","title":{"rendered":"CERTIFICAT M\u00c9DICAL"},"content":{"rendered":"<div class=\"wpb-content-wrapper\"><p>[vc_row][vc_column][vc_column_text]<\/p>\n<header class=\"entry-header\">\n<p class=\"entry-title\">Il y a des nouveaut\u00e9s concernant le certificat m\u00e9dical.<\/p>\n<\/header>\n<div class=\"entry-content\">\n<p>Vous trouverez toutes les explications dans le document ci-dessous.<\/p>\n<p><strong>Applicable d\u00e8s la rentr\u00e9e de septembre 2017.\u00a0<\/strong><\/p>\n<\/div>\n<div id=\"page-documents\" class=\"content-area\">\n<div class=\"documents-list\">\n<ul>\n<li><a href=\"https:\/\/sites.ffkarate.fr\/cher\/wp-content\/uploads\/sites\/35\/2017\/09\/Ciculaire-FFKDA-Certicat-Medical.pdf\">Ciculaire-FFKDA-Certicat-Medical<\/a><\/li>\n<\/ul>\n<\/div>\n<\/div>\n<p>[\/vc_column_text][\/vc_column][\/vc_row]<\/p>\n<\/div>","protected":false},"excerpt":{"rendered":"<p>[vc_row][vc_column][vc_column_text] Il y a des nouveaut\u00e9s concernant le certificat m\u00e9dical. Vous trouverez toutes les explications dans le document ci-dessous. Applicable d\u00e8s la rentr\u00e9e de septembre 2017.\u00a0 Ciculaire-FFKDA-Certicat-Medical [\/vc_column_text][\/vc_column][\/vc_row]<\/p>\n","protected":false},"author":20,"featured_media":0,"comment_status":"closed","ping_status":"closed","sticky":false,"template":"","format":"standard","meta":{"footnotes":""},"categories":[1],"tags":[],"class_list":["post-1064","post","type-post","status-publish","format-standard","hentry","category-non-classe"],"_links":{"self":[{"href":"https:\/\/sites.ffkarate.fr\/cher\/wp-json\/wp\/v2\/posts\/1064","targetHints":{"allow":["GET"]}}],"collection":[{"href":"https:\/\/sites.ffkarate.fr\/cher\/wp-json\/wp\/v2\/posts"}],"about":[{"href":"https:\/\/sites.ffkarate.fr\/cher\/wp-json\/wp\/v2\/types\/post"}],"author":[{"embeddable":true,"href":"https:\/\/sites.ffkarate.fr\/cher\/wp-json\/wp\/v2\/users\/20"}],"replies":[{"embeddable":true,"href":"https:\/\/sites.ffkarate.fr\/cher\/wp-json\/wp\/v2\/comments?post=1064"}],"version-history":[{"count":0,"href":"https:\/\/sites.ffkarate.fr\/cher\/wp-json\/wp\/v2\/posts\/1064\/revisions"}],"wp:attachment":[{"href":"https:\/\/sites.ffkarate.fr\/cher\/wp-json\/wp\/v2\/media?parent=1064"}],"wp:term":[{"taxonomy":"category","embeddable":true,"href":"https:\/\/sites.ffkarate.fr\/cher\/wp-json\/wp\/v2\/categories?post=1064"},{"taxonomy":"post_tag","embeddable":true,"href":"https:\/\/sites.ffkarate.fr\/cher\/wp-json\/wp\/v2\/tags?post=1064"}],"curies":[{"name":"wp","href":"https:\/\/api.w.org\/{rel}","templated":true}]}}