{"id":1127,"date":"2018-01-31T20:48:02","date_gmt":"2018-01-31T19:48:02","guid":{"rendered":"https:\/\/sites.ffkarate.fr\/cher\/?post_type=news&amp;p=1127"},"modified":"2018-01-31T20:48:02","modified_gmt":"2018-01-31T19:48:02","slug":"resultats-du-bksam-au-trophee-soares-a-clermont-ferrand-63","status":"publish","type":"post","link":"https:\/\/sites.ffkarate.fr\/cher\/resultats-du-bksam-au-trophee-soares-a-clermont-ferrand-63\/","title":{"rendered":"R\u00e9sultats du BKSAM au Troph\u00e9e Soar\u00e8s \u00e0 Clermont Ferrand (63)"},"content":{"rendered":"<div class=\"wpb-content-wrapper\"><p>[vc_row][vc_column][vc_column_text]Voici les r\u00e9sultats du BKSAM au Troph\u00e9e Soar\u00e8s \u00e0 Clermont Ferrand (63) du 20 janvier 2018 organis\u00e9 par la Ligue de karat\u00e9 Auvergne : comp\u00e9tition de body karat\u00e9.<\/p>\n<p><strong>deux<\/strong>\u00a0<strong>m\u00e9dailles de bronze en individuel homme<\/strong>, une\u00a0<strong>m\u00e9daille d&rsquo;argent en moins de 14 ans<\/strong>,\u00a0<strong>m\u00e9daille d&rsquo;argent en \u00e9quipe f\u00e9minine<\/strong>,\u00a0<strong>3\u00e8me en<\/strong>\u00a0<strong>\u00e9quipe au challenge Inter clubs<\/strong>\u00a0et\u00a0<strong>1er en \u00e9quipe mixte<\/strong>.<\/p>\n<p><a href=\"https:\/\/sites.ffkarate.fr\/cher\/wp-content\/uploads\/sites\/35\/2018\/01\/19574988_1559577634120688_6951570790658596569_o.jpg\"><img decoding=\"async\" class=\"aligncenter size-full wp-image-1124\" src=\"https:\/\/sites.ffkarate.fr\/cher\/wp-content\/uploads\/sites\/35\/2018\/01\/19574988_1559577634120688_6951570790658596569_o.jpg\" alt=\"19574988_1559577634120688_6951570790658596569_o\" width=\"2000\" height=\"1500\" \/><\/a><\/p>\n<p>Prochain rendez vous le 10 f\u00e9vrier 2018 pour la Coupe de la Ligue qui a lieu \u00e0 Saint Amand[\/vc_column_text][\/vc_column][\/vc_row]<\/p>\n<\/div>","protected":false},"excerpt":{"rendered":"<p>[vc_row][vc_column][vc_column_text]Voici les r\u00e9sultats du BKSAM au Troph\u00e9e Soar\u00e8s \u00e0 Clermont Ferrand (63) du 20 janvier 2018 organis\u00e9 par la Ligue de karat\u00e9 Auvergne : comp\u00e9tition de body karat\u00e9. deux\u00a0m\u00e9dailles de bronze en individuel homme, une\u00a0m\u00e9daille d&rsquo;argent en moins de 14 ans,\u00a0m\u00e9daille d&rsquo;argent en \u00e9quipe f\u00e9minine,\u00a03\u00e8me en\u00a0\u00e9quipe au challenge Inter clubs\u00a0et\u00a01er en \u00e9quipe mixte. Prochain rendez [&hellip;]<\/p>\n","protected":false},"author":20,"featured_media":0,"comment_status":"closed","ping_status":"closed","sticky":false,"template":"","format":"standard","meta":{"footnotes":""},"categories":[1],"tags":[],"class_list":["post-1127","post","type-post","status-publish","format-standard","hentry","category-non-classe"],"_links":{"self":[{"href":"https:\/\/sites.ffkarate.fr\/cher\/wp-json\/wp\/v2\/posts\/1127","targetHints":{"allow":["GET"]}}],"collection":[{"href":"https:\/\/sites.ffkarate.fr\/cher\/wp-json\/wp\/v2\/posts"}],"about":[{"href":"https:\/\/sites.ffkarate.fr\/cher\/wp-json\/wp\/v2\/types\/post"}],"author":[{"embeddable":true,"href":"https:\/\/sites.ffkarate.fr\/cher\/wp-json\/wp\/v2\/users\/20"}],"replies":[{"embeddable":true,"href":"https:\/\/sites.ffkarate.fr\/cher\/wp-json\/wp\/v2\/comments?post=1127"}],"version-history":[{"count":0,"href":"https:\/\/sites.ffkarate.fr\/cher\/wp-json\/wp\/v2\/posts\/1127\/revisions"}],"wp:attachment":[{"href":"https:\/\/sites.ffkarate.fr\/cher\/wp-json\/wp\/v2\/media?parent=1127"}],"wp:term":[{"taxonomy":"category","embeddable":true,"href":"https:\/\/sites.ffkarate.fr\/cher\/wp-json\/wp\/v2\/categories?post=1127"},{"taxonomy":"post_tag","embeddable":true,"href":"https:\/\/sites.ffkarate.fr\/cher\/wp-json\/wp\/v2\/tags?post=1127"}],"curies":[{"name":"wp","href":"https:\/\/api.w.org\/{rel}","templated":true}]}}