{"id":482,"date":"2016-04-08T23:20:12","date_gmt":"2016-04-08T21:20:12","guid":{"rendered":"https:\/\/sites.ffkarate.fr\/cher\/?post_type=news&amp;p=482"},"modified":"2016-04-08T23:20:12","modified_gmt":"2016-04-08T21:20:12","slug":"open-departemental-jeunes","status":"publish","type":"post","link":"https:\/\/sites.ffkarate.fr\/cher\/open-departemental-jeunes\/","title":{"rendered":"Open D\u00e9partemental Jeunes"},"content":{"rendered":"<div class=\"wpb-content-wrapper\"><p>[vc_row][vc_column][vc_column_text]A l&rsquo;occasion de la venue d&rsquo;Alexandra Recchia, le Comit\u00e9 du Cher de Karat\u00e9 et Disciplines Associ\u00e9es organise l&rsquo;Open d\u00e9partemental jeunes kumit\u00e9.<\/p>\n<p>Comp\u00e9tition officielle mais non qualificative, \u00e0 organiser pendant la saison \u00e0 destination des poussins, pupilles et benjamins. Objectif : faire d\u00e9couvrir la comp\u00e9tition aux plus jeunes, \u00e0 travers une journ\u00e9e conviviale et anim\u00e9e.<\/p>\n<p>Accueilli par le Vierzon Shotokan, avec la pr\u00e9sence d&rsquo;Alexandra Recchia, cette journ\u00e9e se d\u00e9roulera samedi 9 avril 2016 \u00e0 partir de 13h45, apr\u00e8s le stage avec Alexandra Recchia le matin,\u00a0 au dojo de Vierzon.<\/p>\n<p><a href=\"https:\/\/sites.ffkarate.fr\/cher\/wp-content\/uploads\/sites\/35\/2016\/03\/2016-04-09-afficeh-karate-03-02-16-V2.jpg\"><img decoding=\"async\" class=\"aligncenter  wp-image-408\" src=\"https:\/\/sites.ffkarate.fr\/cher\/wp-content\/uploads\/sites\/35\/2016\/03\/2016-04-09-afficeh-karate-03-02-16-V2.jpg\" alt=\"Open d\u00e9partemental des Jeunes 09-04-16\" width=\"509\" height=\"720\" \/><\/a>[\/vc_column_text][\/vc_column][\/vc_row]<\/p>\n<\/div>","protected":false},"excerpt":{"rendered":"<p>[vc_row][vc_column][vc_column_text]A l&rsquo;occasion de la venue d&rsquo;Alexandra Recchia, le Comit\u00e9 du Cher de Karat\u00e9 et Disciplines Associ\u00e9es organise l&rsquo;Open d\u00e9partemental jeunes kumit\u00e9. Comp\u00e9tition officielle mais non qualificative, \u00e0 organiser pendant la saison \u00e0 destination des poussins, pupilles et benjamins. Objectif : faire d\u00e9couvrir la comp\u00e9tition aux plus jeunes, \u00e0 travers une journ\u00e9e conviviale et anim\u00e9e. Accueilli [&hellip;]<\/p>\n","protected":false},"author":20,"featured_media":408,"comment_status":"closed","ping_status":"closed","sticky":false,"template":"","format":"standard","meta":{"footnotes":""},"categories":[1],"tags":[],"class_list":["post-482","post","type-post","status-publish","format-standard","hentry","category-non-classe"],"_links":{"self":[{"href":"https:\/\/sites.ffkarate.fr\/cher\/wp-json\/wp\/v2\/posts\/482","targetHints":{"allow":["GET"]}}],"collection":[{"href":"https:\/\/sites.ffkarate.fr\/cher\/wp-json\/wp\/v2\/posts"}],"about":[{"href":"https:\/\/sites.ffkarate.fr\/cher\/wp-json\/wp\/v2\/types\/post"}],"author":[{"embeddable":true,"href":"https:\/\/sites.ffkarate.fr\/cher\/wp-json\/wp\/v2\/users\/20"}],"replies":[{"embeddable":true,"href":"https:\/\/sites.ffkarate.fr\/cher\/wp-json\/wp\/v2\/comments?post=482"}],"version-history":[{"count":0,"href":"https:\/\/sites.ffkarate.fr\/cher\/wp-json\/wp\/v2\/posts\/482\/revisions"}],"wp:featuredmedia":[{"embeddable":true,"href":"https:\/\/sites.ffkarate.fr\/cher\/wp-json\/wp\/v2\/media\/408"}],"wp:attachment":[{"href":"https:\/\/sites.ffkarate.fr\/cher\/wp-json\/wp\/v2\/media?parent=482"}],"wp:term":[{"taxonomy":"category","embeddable":true,"href":"https:\/\/sites.ffkarate.fr\/cher\/wp-json\/wp\/v2\/categories?post=482"},{"taxonomy":"post_tag","embeddable":true,"href":"https:\/\/sites.ffkarate.fr\/cher\/wp-json\/wp\/v2\/tags?post=482"}],"curies":[{"name":"wp","href":"https:\/\/api.w.org\/{rel}","templated":true}]}}