{"id":2869,"date":"2026-04-27T14:52:43","date_gmt":"2026-04-27T12:52:43","guid":{"rendered":"https:\/\/sites.ffkarate.fr\/comitemoselle\/?p=2869"},"modified":"2026-04-27T14:52:43","modified_gmt":"2026-04-27T12:52:43","slug":"diplome-dinstructeur-federal","status":"publish","type":"post","link":"https:\/\/sites.ffkarate.fr\/comitemoselle\/2026\/04\/27\/diplome-dinstructeur-federal\/","title":{"rendered":"Dipl\u00f4me d&rsquo;Instructeur F\u00e9d\u00e9ral"},"content":{"rendered":"<div class=\"wpb-content-wrapper\"><p>[vc_row][vc_column][vc_column_text]Samedi 25 avril 2026 s&rsquo;est d\u00e9roul\u00e9 l&rsquo;examen de formation DIF \u00e0 Hagondange. F\u00e9licitation aux nouveaux dipl\u00f4m\u00e9s.<\/p>\n<p>[\/vc_column_text][\/vc_column][\/vc_row]<\/p>\n<\/div>","protected":false},"excerpt":{"rendered":"<p>[vc_row][vc_column][vc_column_text]Samedi 25 avril 2026 s&rsquo;est d\u00e9roul\u00e9 l&rsquo;examen de formation DIF \u00e0 Hagondange. F\u00e9licitation aux nouveaux dipl\u00f4m\u00e9s. [\/vc_column_text][\/vc_column][\/vc_row]<\/p>\n","protected":false},"author":202,"featured_media":2868,"comment_status":"open","ping_status":"open","sticky":false,"template":"","format":"standard","meta":{"footnotes":""},"categories":[11],"tags":[],"class_list":["post-2869","post","type-post","status-publish","format-standard","hentry","category-formations"],"_links":{"self":[{"href":"https:\/\/sites.ffkarate.fr\/comitemoselle\/wp-json\/wp\/v2\/posts\/2869","targetHints":{"allow":["GET"]}}],"collection":[{"href":"https:\/\/sites.ffkarate.fr\/comitemoselle\/wp-json\/wp\/v2\/posts"}],"about":[{"href":"https:\/\/sites.ffkarate.fr\/comitemoselle\/wp-json\/wp\/v2\/types\/post"}],"author":[{"embeddable":true,"href":"https:\/\/sites.ffkarate.fr\/comitemoselle\/wp-json\/wp\/v2\/users\/202"}],"replies":[{"embeddable":true,"href":"https:\/\/sites.ffkarate.fr\/comitemoselle\/wp-json\/wp\/v2\/comments?post=2869"}],"version-history":[{"count":2,"href":"https:\/\/sites.ffkarate.fr\/comitemoselle\/wp-json\/wp\/v2\/posts\/2869\/revisions"}],"predecessor-version":[{"id":2871,"href":"https:\/\/sites.ffkarate.fr\/comitemoselle\/wp-json\/wp\/v2\/posts\/2869\/revisions\/2871"}],"wp:featuredmedia":[{"embeddable":true,"href":"https:\/\/sites.ffkarate.fr\/comitemoselle\/wp-json\/wp\/v2\/media\/2868"}],"wp:attachment":[{"href":"https:\/\/sites.ffkarate.fr\/comitemoselle\/wp-json\/wp\/v2\/media?parent=2869"}],"wp:term":[{"taxonomy":"category","embeddable":true,"href":"https:\/\/sites.ffkarate.fr\/comitemoselle\/wp-json\/wp\/v2\/categories?post=2869"},{"taxonomy":"post_tag","embeddable":true,"href":"https:\/\/sites.ffkarate.fr\/comitemoselle\/wp-json\/wp\/v2\/tags?post=2869"}],"curies":[{"name":"wp","href":"https:\/\/api.w.org\/{rel}","templated":true}]}}