{"id":1110,"date":"2022-10-09T17:19:12","date_gmt":"2022-10-09T15:19:12","guid":{"rendered":"https:\/\/sites.ffkarate.fr\/correze\/?p=1110"},"modified":"2022-10-09T17:34:35","modified_gmt":"2022-10-09T15:34:35","slug":"joseph-nguyen-recompense","status":"publish","type":"post","link":"https:\/\/sites.ffkarate.fr\/correze\/2022\/10\/09\/joseph-nguyen-recompense\/","title":{"rendered":"Joseph Nguyen r\u00e9compens\u00e9"},"content":{"rendered":"<div class=\"wpb-content-wrapper\"><p>[vc_row][vc_column][vc_column_text]<span style=\"font-size: large\">Remise d&rsquo;un troph\u00e9e par les maires de Beynat et du Pescher <\/span><span style=\"font-size: large\">\u00e0 leur Champion.<\/span><\/p>\n<p><span style=\"font-size: large\">Vendredi soir \u00e0 l&rsquo;issue du cours Joseph Nguyen s&rsquo;est vu remettre un troph\u00e9e ainsi que des r\u00e9compenses sanctionnant ses excellents r\u00e9sultats de la saison derni\u00e8re.<\/span><\/p>\n<p><span style=\"font-size: large\">Multiple fois champion de kata, il termine la derni\u00e8re saison avec les titres de Champion grande r\u00e9gion Aquitaine de karat\u00e9 contact \u00e0 Floirac, vainqueur de la coupe de France de karat\u00e9 contact \u00e0 Toulouse, vainqueur de l&rsquo;open internationnal de karat\u00e9 full contact de Paris et Champion de France de karat\u00e9 contact \u00e0 Chevigny Saint -Sauveur.<\/span><\/p>\n<p><span style=\"font-size: large\">C&rsquo;est une page qui se tourne puisque celui-ci va rejoindre le mois prochain la terre des kangourous. <\/span><\/p>\n<p><span style=\"font-size: large\">Nous aurons peut-\u00eatre le loisir de suivre son prochain parcours dans la discipline de la boxe ou du kick boxing dans les terres australes. <\/span><\/p>\n<p><span style=\"font-size: large\">Les r\u00e9compenses des autorit\u00e9s locales ont \u00e9t\u00e9 \u00e0 la mesure de ce que Joseph a donn\u00e9 pour le retentissement du d\u00e9partement en g\u00e9n\u00e9ral et pour la promotion du karat\u00e9 corr\u00e9zien en particulier.<\/span><\/p>\n<p><span style=\"font-size: large\">Dominique Nguyen professeur du karat\u00e9 Beynat le Pescher.<\/span><\/p>\n<p><img decoding=\"async\" class=\"alignnone size-medium wp-image-1113\" src=\"https:\/\/sites.ffkarate.fr\/correze\/wp-content\/uploads\/sites\/37\/2022\/10\/trophee-Joseph--300x225.jpg\" alt=\"\" width=\"300\" height=\"225\" \/>[\/vc_column_text][\/vc_column][\/vc_row]<\/p>\n<\/div>","protected":false},"excerpt":{"rendered":"<p>[vc_row][vc_column][vc_column_text]Remise d&rsquo;un troph\u00e9e par les maires de Beynat et du Pescher \u00e0 leur Champion. Vendredi soir \u00e0 l&rsquo;issue du cours Joseph Nguyen s&rsquo;est vu remettre un troph\u00e9e ainsi que des r\u00e9compenses sanctionnant ses excellents r\u00e9sultats de la saison derni\u00e8re. Multiple fois champion de kata, il termine la derni\u00e8re saison avec les titres de Champion grande [&hellip;]<\/p>\n","protected":false},"author":98,"featured_media":1109,"comment_status":"closed","ping_status":"closed","sticky":false,"template":"","format":"standard","meta":{"footnotes":""},"categories":[9],"tags":[],"class_list":["post-1110","post","type-post","status-publish","format-standard","hentry","category-breves"],"_links":{"self":[{"href":"https:\/\/sites.ffkarate.fr\/correze\/wp-json\/wp\/v2\/posts\/1110","targetHints":{"allow":["GET"]}}],"collection":[{"href":"https:\/\/sites.ffkarate.fr\/correze\/wp-json\/wp\/v2\/posts"}],"about":[{"href":"https:\/\/sites.ffkarate.fr\/correze\/wp-json\/wp\/v2\/types\/post"}],"author":[{"embeddable":true,"href":"https:\/\/sites.ffkarate.fr\/correze\/wp-json\/wp\/v2\/users\/98"}],"replies":[{"embeddable":true,"href":"https:\/\/sites.ffkarate.fr\/correze\/wp-json\/wp\/v2\/comments?post=1110"}],"version-history":[{"count":3,"href":"https:\/\/sites.ffkarate.fr\/correze\/wp-json\/wp\/v2\/posts\/1110\/revisions"}],"predecessor-version":[{"id":1114,"href":"https:\/\/sites.ffkarate.fr\/correze\/wp-json\/wp\/v2\/posts\/1110\/revisions\/1114"}],"wp:featuredmedia":[{"embeddable":true,"href":"https:\/\/sites.ffkarate.fr\/correze\/wp-json\/wp\/v2\/media\/1109"}],"wp:attachment":[{"href":"https:\/\/sites.ffkarate.fr\/correze\/wp-json\/wp\/v2\/media?parent=1110"}],"wp:term":[{"taxonomy":"category","embeddable":true,"href":"https:\/\/sites.ffkarate.fr\/correze\/wp-json\/wp\/v2\/categories?post=1110"},{"taxonomy":"post_tag","embeddable":true,"href":"https:\/\/sites.ffkarate.fr\/correze\/wp-json\/wp\/v2\/tags?post=1110"}],"curies":[{"name":"wp","href":"https:\/\/api.w.org\/{rel}","templated":true}]}}