{"id":1267,"date":"2022-12-19T11:34:19","date_gmt":"2022-12-19T10:34:19","guid":{"rendered":"https:\/\/sites.ffkarate.fr\/correze\/?p=1267"},"modified":"2022-12-19T11:34:19","modified_gmt":"2022-12-19T10:34:19","slug":"janick-poupee-medaille-de-la-jeunesse-et-sports","status":"publish","type":"post","link":"https:\/\/sites.ffkarate.fr\/correze\/2022\/12\/19\/janick-poupee-medaille-de-la-jeunesse-et-sports\/","title":{"rendered":"Janick Poup\u00e9e m\u00e9daill\u00e9 de la Jeunesse et Sports"},"content":{"rendered":"<div class=\"wpb-content-wrapper\"><p>[vc_row][vc_column][vc_column_text]<\/p>\n<div>\n<div class=\"\" dir=\"auto\">\n<div id=\"jsc_c_1y\" class=\"x1iorvi4 x1pi30zi x1l90r2v x1swvt13\" data-ad-comet-preview=\"message\" data-ad-preview=\"message\">\n<div class=\"x78zum5 xdt5ytf xz62fqu x16ldp7u\">\n<div class=\"xu06os2 x1ok221b\">\n<div class=\"x11i5rnm xat24cr x1mh8g0r x1vvkbs xdj266r x126k92a\">\n<div dir=\"auto\">Vendredi 16 D\u00e9cembre 2022 dans les salons de la Pr\u00e9fecture \u00e0 Tulle.<\/div>\n<div dir=\"auto\"><\/div>\n<div dir=\"auto\">Janick Poup\u00e9e, s\u2019est vu remettre par Monsieur Etienne Desplanques, Pr\u00e9fet de la Corr\u00e8ze, la m\u00e9daille de bronze du Minist\u00e8re de la Jeunesse et des sports.<\/div>\n<\/div>\n<div class=\"x11i5rnm xat24cr x1mh8g0r x1vvkbs xtlvy1s x126k92a\">\n<div dir=\"auto\"><\/div>\n<div dir=\"auto\">Cette reconnaissance vient souligner l\u2019engagement de notre Directeur Technique D\u00e9partemental de Karat\u00e9, tant pour son pass\u00e9 de sportif reconnu, que pour ses qualit\u00e9s d\u2019enseignant et sa volont\u00e9 d\u2019accompagner depuis toutes ces ann\u00e9es les comp\u00e9titeurs, de pupilles \u00e0 v\u00e9t\u00e9rans. Tous ont pu briller dans de nombreuses comp\u00e9titions nationales et internationales et ont fait rayonner nos clubs corr\u00e9ziens.<\/div>\n<\/div>\n<div class=\"x11i5rnm xat24cr x1mh8g0r x1vvkbs xtlvy1s x126k92a\">\n<div dir=\"auto\">Cette c\u00e9r\u00e9monie s\u2019est d\u00e9roul\u00e9e avec la participation de Monsieur Jean Fran\u00e7ois Teyssandier, Pr\u00e9sident du Comit\u00e9 D\u00e9partemental Olympique et Sportif de la Corr\u00e8ze, ainsi que la pr\u00e9sence de Monsieur Daniel Ph\u00e9nieux, Pr\u00e9sident du Comit\u00e9 D\u00e9partemental de Judo de notre d\u00e9partement.<\/div>\n<\/div>\n<\/div>\n<\/div>\n<\/div>\n<\/div>\n<div id=\"jsc_c_1z\" class=\"x1n2onr6\">\n<div class=\"x1n2onr6\">\n<div>\n<div>\n<div class=\"x1n2onr6\">\n<div class=\"x1n2onr6\">\n<div class=\"x6ikm8r x10wlt62 x10l6tqk\">\n<div class=\"x6ikm8r x10wlt62\">\n<div class=\"xqtp20y x6ikm8r x10wlt62 x1n2onr6\">\n<div class=\"x10l6tqk x13vifvy\"><\/div>\n<\/div>\n<div class=\"xua58t2 xzg4506 x1ey2m1c x9f619 xds687c x47corl x10l6tqk x17qophe x13vifvy\"><\/div>\n<\/div>\n<div class=\"x1o1ewxj x3x9cwd x1e5q0jg x13rtm0m x1ey2m1c xds687c xg01cxk x47corl x10l6tqk x17qophe x13vifvy x1ebt8du x19991ni x1dhq9h xobhos8\" data-visualcompletion=\"ignore\"><\/div>\n<\/div>\n<div class=\"x6ikm8r x10wlt62 x10l6tqk\">\n<div class=\"x6ikm8r x10wlt62\">\n<div class=\"xqtp20y x6ikm8r x10wlt62 x1n2onr6\">\n<div class=\"x10l6tqk x13vifvy\"><img decoding=\"async\" class=\"x1ey2m1c xds687c x5yr21d x10l6tqk x17qophe x13vifvy xh8yej3\" src=\"https:\/\/scontent.fbod1-1.fna.fbcdn.net\/v\/t39.30808-6\/320695813_554102502888285_1705190667551903760_n.jpg?stp=dst-jpg_s600x600&amp;_nc_cat=106&amp;ccb=1-7&amp;_nc_sid=730e14&amp;_nc_ohc=lYeS-z6WODwAX8aLerp&amp;_nc_ht=scontent.fbod1-1.fna&amp;oh=00_AfAkCtfBVfYMyeys8zdxPgtSXTSoRjXKOuraNa5vj4nszQ&amp;oe=63A4EBBD\" alt=\"\" \/><\/div>\n<\/div>\n<div class=\"xua58t2 xzg4506 x1ey2m1c x9f619 xds687c x47corl x10l6tqk x17qophe x13vifvy\"><\/div>\n<\/div>\n<div class=\"x1o1ewxj x3x9cwd x1e5q0jg x13rtm0m x1ey2m1c xds687c xg01cxk x47corl x10l6tqk x17qophe x13vifvy x1ebt8du x19991ni x1dhq9h\" data-visualcompletion=\"ignore\"><\/div>\n<\/div>\n<div class=\"x6ikm8r x10wlt62 x10l6tqk\">\n<div class=\"x6ikm8r x10wlt62\">\n<div class=\"xqtp20y x6ikm8r x10wlt62 x1n2onr6\">\n<div class=\"x10l6tqk x13vifvy\"><img decoding=\"async\" class=\"x1ey2m1c xds687c x5yr21d x10l6tqk x17qophe x13vifvy xh8yej3\" src=\"https:\/\/scontent.fbod1-1.fna.fbcdn.net\/v\/t39.30808-6\/320729000_722591398987379_2795451703926496546_n.jpg?stp=dst-jpg_s600x600&amp;_nc_cat=104&amp;ccb=1-7&amp;_nc_sid=730e14&amp;_nc_ohc=F3HvKFcSfj0AX8gDtox&amp;_nc_ht=scontent.fbod1-1.fna&amp;oh=00_AfChkqBZ5mpa0bdJFJa6xNBWcYg6lgf6VCiETpH4Iik1cQ&amp;oe=63A5454F\" alt=\"\" \/><\/div>\n<\/div>\n<div class=\"xua58t2 xzg4506 x1ey2m1c x9f619 xds687c x47corl x10l6tqk x17qophe x13vifvy\"><\/div>\n<\/div>\n<\/div>\n<\/div>\n<\/div>\n<\/div>\n<\/div>\n<\/div>\n<\/div>\n<\/div>\n<div>\n<div class=\"x168nmei x13lgxp2 x30kzoy x9jhf4c x6ikm8r x10wlt62\" data-visualcompletion=\"ignore-dynamic\">\n<div>\n<div>\n<div>\n<div class=\"x1n2onr6\">\n<div class=\"x6s0dn4 xi81zsa x78zum5 x6prxxf x13a6bvl xvq8zen xdj266r xktsk01 xat24cr x1d52u69 x889kno x4uap5 x1a8lsjc xkhd6sd xdppsyt\">\n<div class=\"x6s0dn4 x78zum5 x2lah0s x17rw0jw\">\n<div class=\"xnfveip\">\n<div class=\"x1i10hfl x1qjc9v5 xjqpnuy xa49m3k xqeqjp1 x2hbi6w x1ypdohk xdl72j9 x2lah0s xe8uvvx x2lwn1j xeuugli x1hl2dhg xggy1nq x1t137rt x1o1ewxj x3x9cwd x1e5q0jg x13rtm0m x3nfvp2 x1q0g3np x87ps6o x1a2a7pz xjyslct xjbqb8w x13fuv20 xu3j5b3 x1q0q8m5 x26u7qi x972fbf xcfux6l x1qhh985 xm0m39n x9f619 x1heor9g xdj266r x11i5rnm xat24cr x1mh8g0r xexx8yu x4uap5 x18d9i69 xkhd6sd x1n2onr6 x16tdsg8 x1ja2u2z xt0b8zv\" role=\"button\"><\/div>\n<\/div>\n<\/div>\n<\/div>\n<\/div>\n<\/div>\n<\/div>\n<\/div>\n<\/div>\n<\/div>\n<p>[\/vc_column_text][\/vc_column][\/vc_row]<\/p>\n<\/div>","protected":false},"excerpt":{"rendered":"<p>[vc_row][vc_column][vc_column_text] Vendredi 16 D\u00e9cembre 2022 dans les salons de la Pr\u00e9fecture \u00e0 Tulle. Janick Poup\u00e9e, s\u2019est vu remettre par Monsieur Etienne Desplanques, Pr\u00e9fet de la Corr\u00e8ze, la m\u00e9daille de bronze du Minist\u00e8re de la Jeunesse et des sports. Cette reconnaissance vient souligner l\u2019engagement de notre Directeur Technique D\u00e9partemental de Karat\u00e9, tant pour son pass\u00e9 de [&hellip;]<\/p>\n","protected":false},"author":98,"featured_media":1264,"comment_status":"closed","ping_status":"closed","sticky":false,"template":"","format":"standard","meta":{"footnotes":""},"categories":[5],"tags":[],"class_list":["post-1267","post","type-post","status-publish","format-standard","hentry","category-actualites"],"_links":{"self":[{"href":"https:\/\/sites.ffkarate.fr\/correze\/wp-json\/wp\/v2\/posts\/1267","targetHints":{"allow":["GET"]}}],"collection":[{"href":"https:\/\/sites.ffkarate.fr\/correze\/wp-json\/wp\/v2\/posts"}],"about":[{"href":"https:\/\/sites.ffkarate.fr\/correze\/wp-json\/wp\/v2\/types\/post"}],"author":[{"embeddable":true,"href":"https:\/\/sites.ffkarate.fr\/correze\/wp-json\/wp\/v2\/users\/98"}],"replies":[{"embeddable":true,"href":"https:\/\/sites.ffkarate.fr\/correze\/wp-json\/wp\/v2\/comments?post=1267"}],"version-history":[{"count":2,"href":"https:\/\/sites.ffkarate.fr\/correze\/wp-json\/wp\/v2\/posts\/1267\/revisions"}],"predecessor-version":[{"id":1269,"href":"https:\/\/sites.ffkarate.fr\/correze\/wp-json\/wp\/v2\/posts\/1267\/revisions\/1269"}],"wp:featuredmedia":[{"embeddable":true,"href":"https:\/\/sites.ffkarate.fr\/correze\/wp-json\/wp\/v2\/media\/1264"}],"wp:attachment":[{"href":"https:\/\/sites.ffkarate.fr\/correze\/wp-json\/wp\/v2\/media?parent=1267"}],"wp:term":[{"taxonomy":"category","embeddable":true,"href":"https:\/\/sites.ffkarate.fr\/correze\/wp-json\/wp\/v2\/categories?post=1267"},{"taxonomy":"post_tag","embeddable":true,"href":"https:\/\/sites.ffkarate.fr\/correze\/wp-json\/wp\/v2\/tags?post=1267"}],"curies":[{"name":"wp","href":"https:\/\/api.w.org\/{rel}","templated":true}]}}