{"id":1380,"date":"2023-06-07T11:50:29","date_gmt":"2023-06-07T09:50:29","guid":{"rendered":"https:\/\/sites.ffkarate.fr\/correze\/?p=1380"},"modified":"2023-06-07T11:50:29","modified_gmt":"2023-06-07T09:50:29","slug":"animation-kumite-a-brive-poussins-pupilles","status":"publish","type":"post","link":"https:\/\/sites.ffkarate.fr\/correze\/2023\/06\/07\/animation-kumite-a-brive-poussins-pupilles\/","title":{"rendered":"Animation Kumite \u00e0 Brive : Poussins &#8211; Pupilles"},"content":{"rendered":"<div class=\"wpb-content-wrapper\"><p>[vc_row][vc_column][vc_column_text]<\/p>\n<div class=\"x11i5rnm xat24cr x1mh8g0r x1vvkbs xtlvy1s x126k92a\">\n<div dir=\"auto\">Dimanche 4 Juin 2023<\/div>\n<\/div>\n<div class=\"x11i5rnm xat24cr x1mh8g0r x1vvkbs xtlvy1s x126k92a\">\n<div dir=\"auto\">Les Mini-poussins, Poussins et Pupilles se sont retrouv\u00e9s pour une pratique ludique et p\u00e9dagogique du kumite sous la direction du DTD Janick Poup\u00e9e et d&rsquo;une \u00e9quipe encadrante nombreuse, afin de donner \u00e0 cette fin de saison un air de f\u00eate appr\u00e9ci\u00e9e tant par les participants que par leurs parents .<\/div>\n<div dir=\"auto\"><img decoding=\"async\" class=\"alignnone size-medium wp-image-1379\" src=\"https:\/\/sites.ffkarate.fr\/correze\/wp-content\/uploads\/sites\/37\/2023\/06\/animation-3-300x169.jpg\" alt=\"\" width=\"300\" height=\"169\" srcset=\"https:\/\/sites.ffkarate.fr\/correze\/wp-content\/uploads\/sites\/37\/2023\/06\/animation-3-300x169.jpg 300w, https:\/\/sites.ffkarate.fr\/correze\/wp-content\/uploads\/sites\/37\/2023\/06\/animation-3-1024x576.jpg 1024w, https:\/\/sites.ffkarate.fr\/correze\/wp-content\/uploads\/sites\/37\/2023\/06\/animation-3-768x432.jpg 768w, https:\/\/sites.ffkarate.fr\/correze\/wp-content\/uploads\/sites\/37\/2023\/06\/animation-3-1536x864.jpg 1536w, https:\/\/sites.ffkarate.fr\/correze\/wp-content\/uploads\/sites\/37\/2023\/06\/animation-3.jpg 2048w\" sizes=\"(max-width: 300px) 100vw, 300px\" \/><\/div>\n<div dir=\"auto\"><img decoding=\"async\" class=\"alignnone size-medium wp-image-1378\" src=\"https:\/\/sites.ffkarate.fr\/correze\/wp-content\/uploads\/sites\/37\/2023\/06\/animation-2-300x169.jpg\" alt=\"\" width=\"300\" height=\"169\" srcset=\"https:\/\/sites.ffkarate.fr\/correze\/wp-content\/uploads\/sites\/37\/2023\/06\/animation-2-300x169.jpg 300w, https:\/\/sites.ffkarate.fr\/correze\/wp-content\/uploads\/sites\/37\/2023\/06\/animation-2-1024x576.jpg 1024w, https:\/\/sites.ffkarate.fr\/correze\/wp-content\/uploads\/sites\/37\/2023\/06\/animation-2-768x432.jpg 768w, https:\/\/sites.ffkarate.fr\/correze\/wp-content\/uploads\/sites\/37\/2023\/06\/animation-2-1536x864.jpg 1536w, https:\/\/sites.ffkarate.fr\/correze\/wp-content\/uploads\/sites\/37\/2023\/06\/animation-2.jpg 2048w\" sizes=\"(max-width: 300px) 100vw, 300px\" \/><\/div>\n<\/div>\n<p>[\/vc_column_text][\/vc_column][\/vc_row]<\/p>\n<\/div>","protected":false},"excerpt":{"rendered":"<p>[vc_row][vc_column][vc_column_text] Dimanche 4 Juin 2023 Les Mini-poussins, Poussins et Pupilles se sont retrouv\u00e9s pour une pratique ludique et p\u00e9dagogique du kumite sous la direction du DTD Janick Poup\u00e9e et d&rsquo;une \u00e9quipe encadrante nombreuse, afin de donner \u00e0 cette fin de saison un air de f\u00eate appr\u00e9ci\u00e9e tant par les participants que par leurs parents . [&hellip;]<\/p>\n","protected":false},"author":98,"featured_media":1377,"comment_status":"closed","ping_status":"closed","sticky":false,"template":"","format":"standard","meta":{"footnotes":""},"categories":[19],"tags":[],"class_list":["post-1380","post","type-post","status-publish","format-standard","hentry","category-stages"],"_links":{"self":[{"href":"https:\/\/sites.ffkarate.fr\/correze\/wp-json\/wp\/v2\/posts\/1380","targetHints":{"allow":["GET"]}}],"collection":[{"href":"https:\/\/sites.ffkarate.fr\/correze\/wp-json\/wp\/v2\/posts"}],"about":[{"href":"https:\/\/sites.ffkarate.fr\/correze\/wp-json\/wp\/v2\/types\/post"}],"author":[{"embeddable":true,"href":"https:\/\/sites.ffkarate.fr\/correze\/wp-json\/wp\/v2\/users\/98"}],"replies":[{"embeddable":true,"href":"https:\/\/sites.ffkarate.fr\/correze\/wp-json\/wp\/v2\/comments?post=1380"}],"version-history":[{"count":2,"href":"https:\/\/sites.ffkarate.fr\/correze\/wp-json\/wp\/v2\/posts\/1380\/revisions"}],"predecessor-version":[{"id":1382,"href":"https:\/\/sites.ffkarate.fr\/correze\/wp-json\/wp\/v2\/posts\/1380\/revisions\/1382"}],"wp:featuredmedia":[{"embeddable":true,"href":"https:\/\/sites.ffkarate.fr\/correze\/wp-json\/wp\/v2\/media\/1377"}],"wp:attachment":[{"href":"https:\/\/sites.ffkarate.fr\/correze\/wp-json\/wp\/v2\/media?parent=1380"}],"wp:term":[{"taxonomy":"category","embeddable":true,"href":"https:\/\/sites.ffkarate.fr\/correze\/wp-json\/wp\/v2\/categories?post=1380"},{"taxonomy":"post_tag","embeddable":true,"href":"https:\/\/sites.ffkarate.fr\/correze\/wp-json\/wp\/v2\/tags?post=1380"}],"curies":[{"name":"wp","href":"https:\/\/api.w.org\/{rel}","templated":true}]}}