{"id":985,"date":"2022-04-05T17:16:30","date_gmt":"2022-04-05T15:16:30","guid":{"rendered":"https:\/\/sites.ffkarate.fr\/correze\/?p=985"},"modified":"2022-04-08T16:11:32","modified_gmt":"2022-04-08T14:11:32","slug":"985","status":"publish","type":"post","link":"https:\/\/sites.ffkarate.fr\/correze\/2022\/04\/05\/985\/","title":{"rendered":"Open International Orl\u00e9ans &#8211; 26 mars 2022"},"content":{"rendered":"<div class=\"wpb-content-wrapper\"><p>[vc_row][vc_column][vc_column_text]<\/p>\n<p>&nbsp;<\/p>\n<p>&nbsp;<\/p>\n<p><img decoding=\"async\" class=\"alignnone size-medium wp-image-984\" src=\"https:\/\/sites.ffkarate.fr\/correze\/wp-content\/uploads\/sites\/37\/2022\/04\/Nawfel-225x300.jpg\" alt=\"\" width=\"225\" height=\"300\" \/><\/p>\n<p><strong>Open International d&rsquo;Orl\u00e9ans &#8211; Kumite<\/strong><\/p>\n<p>Pupille f\u00e9minines -35 kg : Ribes Elina 3\u00e8 Budoka\u00ef Brive<\/p>\n<p>Benjamin masculin -35 kg : Besse Lucas 3\u00e8 Budoka\u00ef Brive<\/p>\n<p>Junior masculin -55 kg : Toumi Nawfel 1er Budoka\u00ef Brive[\/vc_column_text][vc_column_text]<img decoding=\"async\" class=\"alignnone size-medium wp-image-993\" src=\"https:\/\/sites.ffkarate.fr\/correze\/wp-content\/uploads\/sites\/37\/2022\/04\/Elina-3e-300x300.jpg\" alt=\"\" width=\"300\" height=\"300\" \/><img decoding=\"async\" class=\"alignnone size-medium wp-image-994\" src=\"https:\/\/sites.ffkarate.fr\/correze\/wp-content\/uploads\/sites\/37\/2022\/04\/Lucas-3e-225x300.jpg\" alt=\"\" width=\"225\" height=\"300\" \/>[\/vc_column_text][\/vc_column][\/vc_row]<\/p>\n<\/div>","protected":false},"excerpt":{"rendered":"<p>[vc_row][vc_column][vc_column_text] &nbsp; &nbsp; Open International d&rsquo;Orl\u00e9ans &#8211; Kumite Pupille f\u00e9minines -35 kg : Ribes Elina 3\u00e8 Budoka\u00ef Brive Benjamin masculin -35 kg : Besse Lucas 3\u00e8 Budoka\u00ef Brive Junior masculin -55 kg : Toumi Nawfel 1er Budoka\u00ef Brive[\/vc_column_text][vc_column_text][\/vc_column_text][\/vc_column][\/vc_row]<\/p>\n","protected":false},"author":98,"featured_media":0,"comment_status":"closed","ping_status":"closed","sticky":false,"template":"","format":"standard","meta":{"footnotes":""},"categories":[10],"tags":[],"class_list":["post-985","post","type-post","status-publish","format-standard","hentry","category-competitions"],"_links":{"self":[{"href":"https:\/\/sites.ffkarate.fr\/correze\/wp-json\/wp\/v2\/posts\/985","targetHints":{"allow":["GET"]}}],"collection":[{"href":"https:\/\/sites.ffkarate.fr\/correze\/wp-json\/wp\/v2\/posts"}],"about":[{"href":"https:\/\/sites.ffkarate.fr\/correze\/wp-json\/wp\/v2\/types\/post"}],"author":[{"embeddable":true,"href":"https:\/\/sites.ffkarate.fr\/correze\/wp-json\/wp\/v2\/users\/98"}],"replies":[{"embeddable":true,"href":"https:\/\/sites.ffkarate.fr\/correze\/wp-json\/wp\/v2\/comments?post=985"}],"version-history":[{"count":3,"href":"https:\/\/sites.ffkarate.fr\/correze\/wp-json\/wp\/v2\/posts\/985\/revisions"}],"predecessor-version":[{"id":995,"href":"https:\/\/sites.ffkarate.fr\/correze\/wp-json\/wp\/v2\/posts\/985\/revisions\/995"}],"wp:attachment":[{"href":"https:\/\/sites.ffkarate.fr\/correze\/wp-json\/wp\/v2\/media?parent=985"}],"wp:term":[{"taxonomy":"category","embeddable":true,"href":"https:\/\/sites.ffkarate.fr\/correze\/wp-json\/wp\/v2\/categories?post=985"},{"taxonomy":"post_tag","embeddable":true,"href":"https:\/\/sites.ffkarate.fr\/correze\/wp-json\/wp\/v2\/tags?post=985"}],"curies":[{"name":"wp","href":"https:\/\/api.w.org\/{rel}","templated":true}]}}