{"id":998,"date":"2022-04-26T11:45:54","date_gmt":"2022-04-26T09:45:54","guid":{"rendered":"https:\/\/sites.ffkarate.fr\/correze\/?p=998"},"modified":"2022-04-26T11:45:54","modified_gmt":"2022-04-26T09:45:54","slug":"formation-arbitres-departementaux","status":"publish","type":"post","link":"https:\/\/sites.ffkarate.fr\/correze\/2022\/04\/26\/formation-arbitres-departementaux\/","title":{"rendered":"Formation Arbitres D\u00e9partementaux"},"content":{"rendered":"<div class=\"wpb-content-wrapper\"><p>[vc_row][vc_column][vc_column_text]<strong>Constitution d\u2019une \u00e9quipe arbitrale d\u00e9partementale en Corr\u00e8ze<\/strong><\/p>\n<p>Cette saison a vu une formation compl\u00e8te et la structure d\u2019un team afin d\u2019animer nos comp\u00e9titions.<\/p>\n<p>Cette formation, men\u00e9e avec ma\u00eetrise par Mrs Albert CHATELAIN et Gilles MULLER, a \u00e9t\u00e9 vivement appr\u00e9ci\u00e9e par les candidats.<\/p>\n<p>Celle-ci s\u2019est d\u00e9roul\u00e9e selon le calendrier suivant\u00a0:<\/p>\n<ul>\n<li>Samedi 29 Janvier 2022 \u00a0Formation Kumite<\/li>\n<li>Dimanche 6 f\u00e9vrier 2022 \u00a0\u00a0Tulle Championnat Kata Kumite\u00a0: mise en situation<\/li>\n<li>Dimanche 13 f\u00e9vrier 2022\u00a0\u00a0 \u00a0ZID Limousin Championnat\u00a0: mise en situation<\/li>\n<li>Samedi 19 f\u00e9vrier 2022\u00a0 \u00a0 \u00a0 \u00a0 \u00a0Formation Kata<\/li>\n<li>Samedi 19 mars 2022\u00a0 \u00a0 \u00a0 \u00a0 \u00a0 \u00a0 Formation + Examen th\u00e9orique<\/li>\n<li>Dimanche 24 avril 2022\u00a0 \u00a0 \u00a0 \u00a0Examen pratique<\/li>\n<\/ul>\n<p>Merci \u00a0aux clubs pour leur investissement et surtout \u00e0 nos deux formateurs qui ont su animer et valoriser cette promotion.<\/p>\n<p>Le bon pourcentage de r\u00e9ussite aux examens d\u2019Arbitre D\u00e9partemental Kumit\u00e9 A et B et Juge D\u00e9partemental Kata A, \u00a0prouve une fois de plus que le travail paie.<\/p>\n<p>Avec ce constat et gr\u00e2ce au s\u00e9rieux des candidats, le jury a pu valider une promotion arbitrale qui va nous permettre d\u2019organiser des comp\u00e9titions avec un encadrement\u00a0 de qualit\u00e9.<\/p>\n<p>FILATRE Jean Paul<\/p>\n<p>&nbsp;<\/p>\n<p><img decoding=\"async\" class=\"alignnone size-medium wp-image-997\" src=\"https:\/\/sites.ffkarate.fr\/correze\/wp-content\/uploads\/sites\/37\/2022\/04\/arbitrage-2022-1-300x224.jpg\" alt=\"\" width=\"300\" height=\"224\" \/>[\/vc_column_text][\/vc_column][\/vc_row]<\/p>\n<\/div>","protected":false},"excerpt":{"rendered":"<p>[vc_row][vc_column][vc_column_text]Constitution d\u2019une \u00e9quipe arbitrale d\u00e9partementale en Corr\u00e8ze Cette saison a vu une formation compl\u00e8te et la structure d\u2019un team afin d\u2019animer nos comp\u00e9titions. Cette formation, men\u00e9e avec ma\u00eetrise par Mrs Albert CHATELAIN et Gilles MULLER, a \u00e9t\u00e9 vivement appr\u00e9ci\u00e9e par les candidats. Celle-ci s\u2019est d\u00e9roul\u00e9e selon le calendrier suivant\u00a0: Samedi 29 Janvier 2022 \u00a0Formation Kumite [&hellip;]<\/p>\n","protected":false},"author":98,"featured_media":0,"comment_status":"closed","ping_status":"closed","sticky":false,"template":"","format":"standard","meta":{"footnotes":""},"categories":[11],"tags":[],"class_list":["post-998","post","type-post","status-publish","format-standard","hentry","category-formations"],"_links":{"self":[{"href":"https:\/\/sites.ffkarate.fr\/correze\/wp-json\/wp\/v2\/posts\/998","targetHints":{"allow":["GET"]}}],"collection":[{"href":"https:\/\/sites.ffkarate.fr\/correze\/wp-json\/wp\/v2\/posts"}],"about":[{"href":"https:\/\/sites.ffkarate.fr\/correze\/wp-json\/wp\/v2\/types\/post"}],"author":[{"embeddable":true,"href":"https:\/\/sites.ffkarate.fr\/correze\/wp-json\/wp\/v2\/users\/98"}],"replies":[{"embeddable":true,"href":"https:\/\/sites.ffkarate.fr\/correze\/wp-json\/wp\/v2\/comments?post=998"}],"version-history":[{"count":2,"href":"https:\/\/sites.ffkarate.fr\/correze\/wp-json\/wp\/v2\/posts\/998\/revisions"}],"predecessor-version":[{"id":1000,"href":"https:\/\/sites.ffkarate.fr\/correze\/wp-json\/wp\/v2\/posts\/998\/revisions\/1000"}],"wp:attachment":[{"href":"https:\/\/sites.ffkarate.fr\/correze\/wp-json\/wp\/v2\/media?parent=998"}],"wp:term":[{"taxonomy":"category","embeddable":true,"href":"https:\/\/sites.ffkarate.fr\/correze\/wp-json\/wp\/v2\/categories?post=998"},{"taxonomy":"post_tag","embeddable":true,"href":"https:\/\/sites.ffkarate.fr\/correze\/wp-json\/wp\/v2\/tags?post=998"}],"curies":[{"name":"wp","href":"https:\/\/api.w.org\/{rel}","templated":true}]}}