{"id":4142,"date":"2021-05-31T19:00:02","date_gmt":"2021-05-31T17:00:02","guid":{"rendered":"https:\/\/sites.ffkarate.fr\/cotedor\/?p=4142"},"modified":"2021-06-13T11:05:30","modified_gmt":"2021-06-13T09:05:30","slug":"nouveau-siteweb-cdk-cote-dor","status":"publish","type":"post","link":"https:\/\/sites.ffkarate.fr\/cotedor\/2021\/05\/31\/nouveau-siteweb-cdk-cote-dor\/","title":{"rendered":"Nouveau site internet D\u00e9partemental"},"content":{"rendered":"<div class=\"wpb-content-wrapper\"><p>[vc_row][vc_column][vc_column_text]<\/p>\n<h2>Bienvenue sur le nouveau site internet du Comit\u00e9 D\u00e9partemental de C\u00f4te d&rsquo;Or !<\/h2>\n<p>Notre site internet \u00e9volue pour mieux vous accueillir.<\/p>\n<p>La navigation a \u00e9t\u00e9 repens\u00e9e pour vous permettre d\u2019acc\u00e9der plus facilement \u00e0 l\u2019ensemble des contenus notamment gr\u00e2ce \u00e0 la nouvelle barre de recherche.<\/p>\n<p>&nbsp;<\/p>\n<p><img decoding=\"async\" class=\"alignnone wp-image-4174 size-full\" src=\"https:\/\/sites.ffkarate.fr\/cotedor\/wp-content\/uploads\/sites\/34\/2021\/05\/couv-site-cdk-cotedor-1000x500-2.jpg\" alt=\"\" width=\"1000\" height=\"500\" srcset=\"https:\/\/sites.ffkarate.fr\/cotedor\/wp-content\/uploads\/sites\/34\/2021\/05\/couv-site-cdk-cotedor-1000x500-2.jpg 1000w, https:\/\/sites.ffkarate.fr\/cotedor\/wp-content\/uploads\/sites\/34\/2021\/05\/couv-site-cdk-cotedor-1000x500-2-300x150.jpg 300w, https:\/\/sites.ffkarate.fr\/cotedor\/wp-content\/uploads\/sites\/34\/2021\/05\/couv-site-cdk-cotedor-1000x500-2-768x384.jpg 768w\" sizes=\"(max-width: 1000px) 100vw, 1000px\" \/><\/p>\n<p>&nbsp;<\/p>\n<h2>Refonte des sites <span style=\"font-size: 24px\">internet<\/span> des organes d\u00e9concentr\u00e9s par la FFK<\/h2>\n<p>Les sites internet des organes d\u00e9concentr\u00e9s au plus pr\u00e8s de la F\u00e9d\u00e9ration et de ses licenci\u00e9s.<\/p>\n<p>le nom de domaine : <a href=\"https:\/\/sites.ffkarate.fr\/cotedor\" target=\"_blank\" rel=\"noopener\">sites.ffkarate.fr\/cotedor<\/a> restera le m\u00eame sur le nouveau site.<\/p>\n<p>Pour toute demande li\u00e9e au site internet ou aux r\u00e9seaux sociaux du <span style=\"color: #1423a0\"><strong>Comit\u00e9<\/strong><\/span> s&rsquo;adresser \u00e0 <strong>Damien Buffy<\/strong>\u00a0 <img decoding=\"async\" class=\"alignnone wp-image-2814\" src=\"https:\/\/sites.ffkarate.fr\/cotedor\/wp-content\/uploads\/sites\/34\/2020\/09\/icone-mail.png\" alt=\"\" width=\"15\" height=\"15\" srcset=\"https:\/\/sites.ffkarate.fr\/cotedor\/wp-content\/uploads\/sites\/34\/2020\/09\/icone-mail.png 596w, https:\/\/sites.ffkarate.fr\/cotedor\/wp-content\/uploads\/sites\/34\/2020\/09\/icone-mail-176x176.png 176w\" sizes=\"(max-width: 15px) 100vw, 15px\" \/> <a href=\"mailto:cdk21web@damienbuffy.fr\">cdk21web@damienbuffy.fr<\/a><\/p>\n<p>Pour la <strong><span style=\"color: #1423a0\">F\u00e9d\u00e9ration<\/span><\/strong> s&rsquo;adresser au <strong>Webmaster F\u00e9d\u00e9ral<\/strong> \u00e0\u00a0\u00a0<img decoding=\"async\" class=\"alignnone wp-image-2814\" src=\"https:\/\/sites.ffkarate.fr\/cotedor\/wp-content\/uploads\/sites\/34\/2020\/09\/icone-mail.png\" alt=\"\" width=\"15\" height=\"15\" srcset=\"https:\/\/sites.ffkarate.fr\/cotedor\/wp-content\/uploads\/sites\/34\/2020\/09\/icone-mail.png 596w, https:\/\/sites.ffkarate.fr\/cotedor\/wp-content\/uploads\/sites\/34\/2020\/09\/icone-mail-176x176.png 176w\" sizes=\"(max-width: 15px) 100vw, 15px\" \/> <a href=\"mailto:webmaster@ffkarate.fr\">webmaster@ffkarate.fr<\/a><\/p>\n<p>&nbsp;<\/p>\n<p>[\/vc_column_text][\/vc_column][\/vc_row]<\/p>\n<\/div>","protected":false},"excerpt":{"rendered":"<p>Notre site internet \u00e9volue pour mieux vous accueillir.<br \/>\nLa navigation a \u00e9t\u00e9 repens\u00e9e pour vous permettre d\u2019acc\u00e9der plus facilement \u00e0 l\u2019ensemble des contenus notamment gr\u00e2ce \u00e0 la nouvelle barre de recherche.<\/p>\n","protected":false},"author":47,"featured_media":4243,"comment_status":"closed","ping_status":"closed","sticky":false,"template":"","format":"standard","meta":{"footnotes":""},"categories":[64,1],"tags":[],"class_list":["post-4142","post","type-post","status-publish","format-standard","hentry","category-site-internet","category-non-classe"],"_links":{"self":[{"href":"https:\/\/sites.ffkarate.fr\/cotedor\/wp-json\/wp\/v2\/posts\/4142","targetHints":{"allow":["GET"]}}],"collection":[{"href":"https:\/\/sites.ffkarate.fr\/cotedor\/wp-json\/wp\/v2\/posts"}],"about":[{"href":"https:\/\/sites.ffkarate.fr\/cotedor\/wp-json\/wp\/v2\/types\/post"}],"author":[{"embeddable":true,"href":"https:\/\/sites.ffkarate.fr\/cotedor\/wp-json\/wp\/v2\/users\/47"}],"replies":[{"embeddable":true,"href":"https:\/\/sites.ffkarate.fr\/cotedor\/wp-json\/wp\/v2\/comments?post=4142"}],"version-history":[{"count":10,"href":"https:\/\/sites.ffkarate.fr\/cotedor\/wp-json\/wp\/v2\/posts\/4142\/revisions"}],"predecessor-version":[{"id":4636,"href":"https:\/\/sites.ffkarate.fr\/cotedor\/wp-json\/wp\/v2\/posts\/4142\/revisions\/4636"}],"wp:featuredmedia":[{"embeddable":true,"href":"https:\/\/sites.ffkarate.fr\/cotedor\/wp-json\/wp\/v2\/media\/4243"}],"wp:attachment":[{"href":"https:\/\/sites.ffkarate.fr\/cotedor\/wp-json\/wp\/v2\/media?parent=4142"}],"wp:term":[{"taxonomy":"category","embeddable":true,"href":"https:\/\/sites.ffkarate.fr\/cotedor\/wp-json\/wp\/v2\/categories?post=4142"},{"taxonomy":"post_tag","embeddable":true,"href":"https:\/\/sites.ffkarate.fr\/cotedor\/wp-json\/wp\/v2\/tags?post=4142"}],"curies":[{"name":"wp","href":"https:\/\/api.w.org\/{rel}","templated":true}]}}