{"id":614,"date":"2021-09-22T11:56:17","date_gmt":"2021-09-22T09:56:17","guid":{"rendered":"https:\/\/sites.ffkarate.fr\/dordogne\/?p=614"},"modified":"2021-10-20T13:06:51","modified_gmt":"2021-10-20T11:06:51","slug":"stage-le-21-09-a-coulounieix-chamiers-24","status":"publish","type":"post","link":"https:\/\/sites.ffkarate.fr\/dordogne\/2021\/09\/22\/stage-le-21-09-a-coulounieix-chamiers-24\/","title":{"rendered":"STAGE MENSUEL GRADE LE 21\/09 A COULOUNIEIX CHAMIERS (24)"},"content":{"rendered":"<div class=\"wpb-content-wrapper\"><p>[vc_row][vc_column][vc_column_text]Reprise des stages grades du CDK24. Une belle participation en ce d\u00e9but de saison malgr\u00e9 les contraintes que nous connaissons encore. Beaucoup d&rsquo;engagement et de plaisir dans l&rsquo;\u00e9change et le partage. Prochain rendez-vous le 19 octobre.<\/p>\n<p>&nbsp;<\/p>\n<p>&nbsp;<\/p>\n<p>&nbsp;<\/p>\n<p>[\/vc_column_text][vc_gallery images=\u00a0\u00bb616,617,618,615&Prime;][\/vc_column][\/vc_row]<\/p>\n<\/div>","protected":false},"excerpt":{"rendered":"<p>[vc_row][vc_column][vc_column_text]Reprise des stages grades du CDK24. Une belle participation en ce d\u00e9but de saison malgr\u00e9 les contraintes que nous connaissons encore. Beaucoup d&rsquo;engagement et de plaisir dans l&rsquo;\u00e9change et le partage. Prochain rendez-vous le 19 octobre. &nbsp; &nbsp; &nbsp; [\/vc_column_text][vc_gallery images=\u00a0\u00bb616,617,618,615&Prime;][\/vc_column][\/vc_row]<\/p>\n","protected":false},"author":68,"featured_media":615,"comment_status":"open","ping_status":"open","sticky":false,"template":"","format":"standard","meta":{"footnotes":""},"categories":[5],"tags":[],"class_list":["post-614","post","type-post","status-publish","format-standard","hentry","category-actualites"],"_links":{"self":[{"href":"https:\/\/sites.ffkarate.fr\/dordogne\/wp-json\/wp\/v2\/posts\/614","targetHints":{"allow":["GET"]}}],"collection":[{"href":"https:\/\/sites.ffkarate.fr\/dordogne\/wp-json\/wp\/v2\/posts"}],"about":[{"href":"https:\/\/sites.ffkarate.fr\/dordogne\/wp-json\/wp\/v2\/types\/post"}],"author":[{"embeddable":true,"href":"https:\/\/sites.ffkarate.fr\/dordogne\/wp-json\/wp\/v2\/users\/68"}],"replies":[{"embeddable":true,"href":"https:\/\/sites.ffkarate.fr\/dordogne\/wp-json\/wp\/v2\/comments?post=614"}],"version-history":[{"count":5,"href":"https:\/\/sites.ffkarate.fr\/dordogne\/wp-json\/wp\/v2\/posts\/614\/revisions"}],"predecessor-version":[{"id":690,"href":"https:\/\/sites.ffkarate.fr\/dordogne\/wp-json\/wp\/v2\/posts\/614\/revisions\/690"}],"wp:featuredmedia":[{"embeddable":true,"href":"https:\/\/sites.ffkarate.fr\/dordogne\/wp-json\/wp\/v2\/media\/615"}],"wp:attachment":[{"href":"https:\/\/sites.ffkarate.fr\/dordogne\/wp-json\/wp\/v2\/media?parent=614"}],"wp:term":[{"taxonomy":"category","embeddable":true,"href":"https:\/\/sites.ffkarate.fr\/dordogne\/wp-json\/wp\/v2\/categories?post=614"},{"taxonomy":"post_tag","embeddable":true,"href":"https:\/\/sites.ffkarate.fr\/dordogne\/wp-json\/wp\/v2\/tags?post=614"}],"curies":[{"name":"wp","href":"https:\/\/api.w.org\/{rel}","templated":true}]}}