{"id":767,"date":"2022-01-19T10:47:09","date_gmt":"2022-01-19T09:47:09","guid":{"rendered":"https:\/\/sites.ffkarate.fr\/dordogne\/?p=767"},"modified":"2022-01-19T10:47:09","modified_gmt":"2022-01-19T09:47:09","slug":"stage-mensuel-11-01-2022","status":"publish","type":"post","link":"https:\/\/sites.ffkarate.fr\/dordogne\/2022\/01\/19\/stage-mensuel-11-01-2022\/","title":{"rendered":"STAGE MENSUEL 11\/01\/2022"},"content":{"rendered":"<div class=\"wpb-content-wrapper\"><p>[vc_row][vc_column][vc_column_text]Reprise des stages mensuels du CDK24 au dojo d\u00e9partemental hier soir\u00e0 Coulounieix Chamiers. Une bonne participation en ce d\u00e9but d&rsquo;ann\u00e9e encore perturb\u00e9 par les conditions sanitaires qui rythment notre quotidien. Merci aux pr\u00e9sents qui ont beaucoup donn\u00e9 pendant ce cours. Rendez-vous le mois prochain.[\/vc_column_text][vc_gallery images=\u00a0\u00bb772,771,770,769,768&Prime;][\/vc_column][\/vc_row]<\/p>\n<\/div>","protected":false},"excerpt":{"rendered":"<p>[vc_row][vc_column][vc_column_text]Reprise des stages mensuels du CDK24 au dojo d\u00e9partemental hier soir\u00e0 Coulounieix Chamiers. Une bonne participation en ce d\u00e9but d&rsquo;ann\u00e9e encore perturb\u00e9 par les conditions sanitaires qui rythment notre quotidien. Merci aux pr\u00e9sents qui ont beaucoup donn\u00e9 pendant ce cours. Rendez-vous le mois prochain.[\/vc_column_text][vc_gallery images=\u00a0\u00bb772,771,770,769,768&Prime;][\/vc_column][\/vc_row]<\/p>\n","protected":false},"author":68,"featured_media":771,"comment_status":"closed","ping_status":"closed","sticky":false,"template":"","format":"standard","meta":{"footnotes":""},"categories":[1],"tags":[],"class_list":["post-767","post","type-post","status-publish","format-standard","hentry","category-non-classe"],"_links":{"self":[{"href":"https:\/\/sites.ffkarate.fr\/dordogne\/wp-json\/wp\/v2\/posts\/767","targetHints":{"allow":["GET"]}}],"collection":[{"href":"https:\/\/sites.ffkarate.fr\/dordogne\/wp-json\/wp\/v2\/posts"}],"about":[{"href":"https:\/\/sites.ffkarate.fr\/dordogne\/wp-json\/wp\/v2\/types\/post"}],"author":[{"embeddable":true,"href":"https:\/\/sites.ffkarate.fr\/dordogne\/wp-json\/wp\/v2\/users\/68"}],"replies":[{"embeddable":true,"href":"https:\/\/sites.ffkarate.fr\/dordogne\/wp-json\/wp\/v2\/comments?post=767"}],"version-history":[{"count":1,"href":"https:\/\/sites.ffkarate.fr\/dordogne\/wp-json\/wp\/v2\/posts\/767\/revisions"}],"predecessor-version":[{"id":773,"href":"https:\/\/sites.ffkarate.fr\/dordogne\/wp-json\/wp\/v2\/posts\/767\/revisions\/773"}],"wp:featuredmedia":[{"embeddable":true,"href":"https:\/\/sites.ffkarate.fr\/dordogne\/wp-json\/wp\/v2\/media\/771"}],"wp:attachment":[{"href":"https:\/\/sites.ffkarate.fr\/dordogne\/wp-json\/wp\/v2\/media?parent=767"}],"wp:term":[{"taxonomy":"category","embeddable":true,"href":"https:\/\/sites.ffkarate.fr\/dordogne\/wp-json\/wp\/v2\/categories?post=767"},{"taxonomy":"post_tag","embeddable":true,"href":"https:\/\/sites.ffkarate.fr\/dordogne\/wp-json\/wp\/v2\/tags?post=767"}],"curies":[{"name":"wp","href":"https:\/\/api.w.org\/{rel}","templated":true}]}}