{"id":2472,"date":"2022-05-31T15:52:58","date_gmt":"2022-05-31T13:52:58","guid":{"rendered":"https:\/\/sites.ffkarate.fr\/doubs\/?p=2472"},"modified":"2022-05-31T16:26:43","modified_gmt":"2022-05-31T14:26:43","slug":"championnat-deurope-2","status":"publish","type":"post","link":"https:\/\/sites.ffkarate.fr\/doubs\/2022\/05\/31\/championnat-deurope-2\/","title":{"rendered":"Championnat d&rsquo;Europe"},"content":{"rendered":"<div class=\"wpb-content-wrapper\"><p>[vc_row][vc_column][vc_column_text]<\/p>\n<p style=\"text-align: center\">\u00c0 Gaziantep (Turquie), du Mercredi 25 au Dimanche 29 Mai 2022, se d\u00e9roulaient les championnats d&rsquo;Europe de Karat\u00e9. Bravo \u00e0 Laura Sivert (licenci\u00e9e au club Sauvegarde Besan\u00e7on) qui revient avec deux m\u00e9dailles de Bronze (en combat individuel et par \u00e9quipe).<\/p>\n<p style=\"text-align: center\"><a href=\"https:\/\/www.ffkarate.fr\/championnats-deurope-2022-le-bouquet-final\/\" target=\"_blank\" rel=\"noopener\">R\u00e9sum\u00e9 des championnats d&rsquo;Europe<\/a><\/p>\n<p>[\/vc_column_text][\/vc_column][\/vc_row][vc_row][vc_column width=\u00a0\u00bb1\/2&Prime;][vc_single_image image=\u00a0\u00bb2475&Prime; link=\u00a0\u00bbhttps:\/\/sites.ffkarate.fr\/doubs\/wp-content\/uploads\/sites\/41\/2022\/05\/Championnat-Europe-Laura-Sivert-Individuel.png\u00a0\u00bb onclick=\u00a0\u00bbcustom_link\u00a0\u00bb][vc_column_text]<\/p>\n<p style=\"text-align: center\"><a href=\"https:\/\/twitter.com\/ffkarate\/status\/1530476361902694400\" target=\"_blank\" rel=\"noopener\">R\u00e9action<\/a><\/p>\n<p>[\/vc_column_text][\/vc_column][vc_column width=\u00a0\u00bb1\/2&Prime;][vc_single_image image=\u00a0\u00bb2476&Prime; link=\u00a0\u00bbhttps:\/\/sites.ffkarate.fr\/doubs\/wp-content\/uploads\/sites\/41\/2022\/05\/Championnat-Europe-Laura-Sivert-equipe.png\u00a0\u00bb onclick=\u00a0\u00bbcustom_link\u00a0\u00bb][vc_column_text]<\/p>\n<p style=\"text-align: center\"><a href=\"https:\/\/twitter.com\/ffkarate\/status\/1530601273514508288?s=20&amp;t=YWYYOS_KK8mEd8jJ2Gtz_g\" target=\"_blank\" rel=\"noopener\">R\u00e9action<\/a><\/p>\n<p>[\/vc_column_text][\/vc_column][\/vc_row]<\/p>\n<\/div>","protected":false},"excerpt":{"rendered":"<p>[vc_row][vc_column][vc_column_text] \u00c0 Gaziantep (Turquie), du Mercredi 25 au Dimanche 29 Mai 2022, se d\u00e9roulaient les championnats d&rsquo;Europe de Karat\u00e9. Bravo \u00e0 Laura Sivert (licenci\u00e9e au club Sauvegarde Besan\u00e7on) qui revient avec deux m\u00e9dailles de Bronze (en combat individuel et par \u00e9quipe). R\u00e9sum\u00e9 des championnats d&rsquo;Europe [\/vc_column_text][\/vc_column][\/vc_row][vc_row][vc_column width=\u00a0\u00bb1\/2&Prime;][vc_single_image image=\u00a0\u00bb2475&Prime; link=\u00a0\u00bbhttps:\/\/sites.ffkarate.fr\/doubs\/wp-content\/uploads\/sites\/41\/2022\/05\/Championnat-Europe-Laura-Sivert-Individuel.png\u00a0\u00bb onclick=\u00a0\u00bbcustom_link\u00a0\u00bb][vc_column_text] R\u00e9action [\/vc_column_text][\/vc_column][vc_column width=\u00a0\u00bb1\/2&Prime;][vc_single_image image=\u00a0\u00bb2476&Prime; link=\u00a0\u00bbhttps:\/\/sites.ffkarate.fr\/doubs\/wp-content\/uploads\/sites\/41\/2022\/05\/Championnat-Europe-Laura-Sivert-equipe.png\u00a0\u00bb [&hellip;]<\/p>\n","protected":false},"author":83,"featured_media":247,"comment_status":"closed","ping_status":"closed","sticky":false,"template":"","format":"standard","meta":{"footnotes":""},"categories":[61,62,14],"tags":[],"class_list":["post-2472","post","type-post","status-publish","format-standard","hentry","category-championnat","category-europe","category-karate"],"_links":{"self":[{"href":"https:\/\/sites.ffkarate.fr\/doubs\/wp-json\/wp\/v2\/posts\/2472","targetHints":{"allow":["GET"]}}],"collection":[{"href":"https:\/\/sites.ffkarate.fr\/doubs\/wp-json\/wp\/v2\/posts"}],"about":[{"href":"https:\/\/sites.ffkarate.fr\/doubs\/wp-json\/wp\/v2\/types\/post"}],"author":[{"embeddable":true,"href":"https:\/\/sites.ffkarate.fr\/doubs\/wp-json\/wp\/v2\/users\/83"}],"replies":[{"embeddable":true,"href":"https:\/\/sites.ffkarate.fr\/doubs\/wp-json\/wp\/v2\/comments?post=2472"}],"version-history":[{"count":10,"href":"https:\/\/sites.ffkarate.fr\/doubs\/wp-json\/wp\/v2\/posts\/2472\/revisions"}],"predecessor-version":[{"id":2495,"href":"https:\/\/sites.ffkarate.fr\/doubs\/wp-json\/wp\/v2\/posts\/2472\/revisions\/2495"}],"wp:featuredmedia":[{"embeddable":true,"href":"https:\/\/sites.ffkarate.fr\/doubs\/wp-json\/wp\/v2\/media\/247"}],"wp:attachment":[{"href":"https:\/\/sites.ffkarate.fr\/doubs\/wp-json\/wp\/v2\/media?parent=2472"}],"wp:term":[{"taxonomy":"category","embeddable":true,"href":"https:\/\/sites.ffkarate.fr\/doubs\/wp-json\/wp\/v2\/categories?post=2472"},{"taxonomy":"post_tag","embeddable":true,"href":"https:\/\/sites.ffkarate.fr\/doubs\/wp-json\/wp\/v2\/tags?post=2472"}],"curies":[{"name":"wp","href":"https:\/\/api.w.org\/{rel}","templated":true}]}}