{"id":4879,"date":"2026-04-21T15:53:10","date_gmt":"2026-04-21T13:53:10","guid":{"rendered":"https:\/\/sites.ffkarate.fr\/doubs\/?p=4879"},"modified":"2026-04-21T16:12:41","modified_gmt":"2026-04-21T14:12:41","slug":"pka-championnat-de-france-minimes-pont-a-mousson-le-18-et-19-avril-2026","status":"publish","type":"post","link":"https:\/\/sites.ffkarate.fr\/doubs\/2026\/04\/21\/pka-championnat-de-france-minimes-pont-a-mousson-le-18-et-19-avril-2026\/","title":{"rendered":"PKA &#8211; Championnat de France Minimes &#8211; Pont \u00e0 Mousson le 18 et 19 avril 2026"},"content":{"rendered":"<div class=\"wpb-content-wrapper\"><p>[vc_row][vc_column][vc_column_text]<\/p>\n<div class=\"ydp8f0984bdyiv4210524607ydpc34154e2yahoo-style-wrap\">\n<div id=\"ydp8f0984bdyiv4210524607ydpc34154e2yiv5465431501\">\n<div>\n<div class=\"ydp8f0984bdyiv4210524607ydpc34154e2yiv5465431501ydp439b5ef6yahoo-style-wrap\">\n<div dir=\"ltr\">A PONT A MOUSSON le Planoise Karat\u00e9 Academy fait briller la ville de Besan\u00e7on au championnat de FRANCE. Le Championnat de France Minimes qui a eu lieu \u00e0 Pont \u00e0 Mousson s\u2019ach\u00e8ve avec des r\u00e9sultats exceptionnels pour le PKA !<\/div>\n<div dir=\"ltr\"><\/div>\n<\/div>\n<\/div>\n<\/div>\n<\/div>\n<div id=\"ydp8f0984bdyiv4210524607yqt73771\" class=\"ydp8f0984bdyiv4210524607yqt0412329666\">\n<div id=\"ydp8f0984bdyiv4210524607ydp6d3e38d5yiv5465431501yqt95491\" class=\"ydp8f0984bdyiv4210524607ydp6d3e38d5yiv5465431501yqt6738142530\">\n<div class=\"ydp8f0984bdyiv4210524607ydp6d3e38d5yahoo-style-wrap\">\n<div class=\"ydp8f0984bdyiv4210524607ydp6d3e38d5yiv5465431501ydp439b5ef6yahoo-style-wrap\">\n<div id=\"ydp8f0984bdyiv4210524607ydp6d3e38d5yiv5465431501ydp439b5ef6yahoo_quoted_7196477511\" class=\"ydp8f0984bdyiv4210524607ydp6d3e38d5yiv5465431501ydp439b5ef6yahoo_quoted\">\n<div>\n<div>\n<div id=\"ydp8f0984bdyiv4210524607ydp6d3e38d5yiv5465431501ydp439b5ef6yiv5423941065\">\n<div>\n<div>\n<p><u>En deux jours :<\/u><br \/>\n3 m\u00e9dailles aux Championnats de France<br \/>\nUne 5\u00e8me place.<\/p>\n<p><u>Samedi 18 avril\u00a0:<\/u><br \/>\n\ud83e\udd49 Sabri HAIDAR \u2013 M\u00e9daille de Bronze ainsi que Mohammed Amine BEDJHIL qui finit 5\u00e8me place.<br \/>\nUne pens\u00e9e particuli\u00e8re pour Am\u00e9lia TELLINAI, malheureusement forfait suite \u00e0 une blessure.<\/p>\n<p><u>Dimanche 19 avril :<\/u><br \/>\n\ud83e\udd49 Ceyhun AKGUN remporte sa finale pour le bronze apr\u00e8s une d\u00e9faite en demi-finale.<br \/>\n\ud83e\udd48 Diyaeddine MECHAI r\u00e9alise un superbe parcours et devient vice-champion de France, apr\u00e8s une finale disput\u00e9e.<\/p>\n<p>Une tr\u00e8s belle progression dans leur attitude de combat, leur engagement et leur d\u00e9termination. F\u00e9licitations \u00e0 nos athl\u00e8tes, ainsi qu\u2019aux coachs pr\u00e9sents \u00e0 leurs c\u00f4t\u00e9s, Mor, Yassine et Ryless, sans oublier les parents pour leur soutien pr\u00e9cieux. Le Planoise Karate Academy est fier de ses athl\u00e8tes !<\/p>\n<p>Le travail se voit sur les tapis. Continuez comme \u00e7a, le chemin est bon. Nous esp\u00e9rons faire aussi bien, voire encore mieux le week-end prochain, car nous visons toujours plus haut.<\/p>\n<p>\ud83e\udd4b Le travail continue\u2026 et les champions se construisent chaque jour.<\/p>\n<p>Merci \u00e0 tous !<\/p>\n<p>Aly Yugo.<\/p>\n<\/div>\n<\/div>\n<\/div>\n<\/div>\n<\/div>\n<\/div>\n<\/div>\n<\/div>\n<\/div>\n<\/div>\n<p>[\/vc_column_text][\/vc_column][\/vc_row][vc_row][vc_column width=\u00a0\u00bb1\/4&Prime;][vc_single_image image=\u00a0\u00bb4878&Prime; link=\u00a0\u00bbhttps:\/\/sites.ffkarate.fr\/doubs\/wp-content\/uploads\/sites\/41\/2026\/04\/IMG-20260419-WA0013.jpg\u00a0\u00bb onclick=\u00a0\u00bbcustom_link\u00a0\u00bb][\/vc_column][vc_column width=\u00a0\u00bb1\/4&Prime;][vc_single_image image=\u00a0\u00bb4872&Prime; link=\u00a0\u00bbhttps:\/\/sites.ffkarate.fr\/doubs\/wp-content\/uploads\/sites\/41\/2026\/04\/IMG-20260418-WA0013.jpg\u00a0\u00bb onclick=\u00a0\u00bbcustom_link\u00a0\u00bb][\/vc_column][vc_column width=\u00a0\u00bb1\/4&Prime;][vc_single_image image=\u00a0\u00bb4873&Prime; link=\u00a0\u00bbhttps:\/\/sites.ffkarate.fr\/doubs\/wp-content\/uploads\/sites\/41\/2026\/04\/IMG-20260418-WA0014.jpg\u00a0\u00bb onclick=\u00a0\u00bbcustom_link\u00a0\u00bb][\/vc_column][vc_column width=\u00a0\u00bb1\/4&Prime;][vc_single_image image=\u00a0\u00bb4877&Prime; link=\u00a0\u00bbhttps:\/\/sites.ffkarate.fr\/doubs\/wp-content\/uploads\/sites\/41\/2026\/04\/IMG-20260419-WA0011.jpg\u00a0\u00bb onclick=\u00a0\u00bbcustom_link\u00a0\u00bb][\/vc_column][\/vc_row][vc_row][vc_column width=\u00a0\u00bb1\/3&Prime;][vc_single_image image=\u00a0\u00bb4875&Prime; link=\u00a0\u00bbhttps:\/\/sites.ffkarate.fr\/doubs\/wp-content\/uploads\/sites\/41\/2026\/04\/IMG-20260419-WA0009.jpg\u00a0\u00bb onclick=\u00a0\u00bbcustom_link\u00a0\u00bb][\/vc_column][vc_column width=\u00a0\u00bb1\/3&Prime;][vc_single_image image=\u00a0\u00bb4876&Prime; link=\u00a0\u00bbhttps:\/\/sites.ffkarate.fr\/doubs\/wp-content\/uploads\/sites\/41\/2026\/04\/IMG-20260419-WA0010.jpg\u00a0\u00bb onclick=\u00a0\u00bbcustom_link\u00a0\u00bb][\/vc_column][vc_column width=\u00a0\u00bb1\/3&Prime;][vc_single_image image=\u00a0\u00bb4874&Prime; link=\u00a0\u00bbhttps:\/\/sites.ffkarate.fr\/doubs\/wp-content\/uploads\/sites\/41\/2026\/04\/IMG-20260419-WA0008.jpg\u00a0\u00bb onclick=\u00a0\u00bbcustom_link\u00a0\u00bb][\/vc_column][\/vc_row]<\/p>\n<\/div>","protected":false},"excerpt":{"rendered":"<p>[vc_row][vc_column][vc_column_text] A PONT A MOUSSON le Planoise Karat\u00e9 Academy fait briller la ville de Besan\u00e7on au championnat de FRANCE. Le Championnat de France Minimes qui a eu lieu \u00e0 Pont \u00e0 Mousson s\u2019ach\u00e8ve avec des r\u00e9sultats exceptionnels pour le PKA ! En deux jours : 3 m\u00e9dailles aux Championnats de France Une 5\u00e8me place. Samedi [&hellip;]<\/p>\n","protected":false},"author":83,"featured_media":0,"comment_status":"open","ping_status":"open","sticky":false,"template":"","format":"standard","meta":{"footnotes":""},"categories":[1],"tags":[],"class_list":["post-4879","post","type-post","status-publish","format-standard","hentry","category-non-classe"],"_links":{"self":[{"href":"https:\/\/sites.ffkarate.fr\/doubs\/wp-json\/wp\/v2\/posts\/4879","targetHints":{"allow":["GET"]}}],"collection":[{"href":"https:\/\/sites.ffkarate.fr\/doubs\/wp-json\/wp\/v2\/posts"}],"about":[{"href":"https:\/\/sites.ffkarate.fr\/doubs\/wp-json\/wp\/v2\/types\/post"}],"author":[{"embeddable":true,"href":"https:\/\/sites.ffkarate.fr\/doubs\/wp-json\/wp\/v2\/users\/83"}],"replies":[{"embeddable":true,"href":"https:\/\/sites.ffkarate.fr\/doubs\/wp-json\/wp\/v2\/comments?post=4879"}],"version-history":[{"count":14,"href":"https:\/\/sites.ffkarate.fr\/doubs\/wp-json\/wp\/v2\/posts\/4879\/revisions"}],"predecessor-version":[{"id":4893,"href":"https:\/\/sites.ffkarate.fr\/doubs\/wp-json\/wp\/v2\/posts\/4879\/revisions\/4893"}],"wp:attachment":[{"href":"https:\/\/sites.ffkarate.fr\/doubs\/wp-json\/wp\/v2\/media?parent=4879"}],"wp:term":[{"taxonomy":"category","embeddable":true,"href":"https:\/\/sites.ffkarate.fr\/doubs\/wp-json\/wp\/v2\/categories?post=4879"},{"taxonomy":"post_tag","embeddable":true,"href":"https:\/\/sites.ffkarate.fr\/doubs\/wp-json\/wp\/v2\/tags?post=4879"}],"curies":[{"name":"wp","href":"https:\/\/api.w.org\/{rel}","templated":true}]}}