{"id":4898,"date":"2026-04-21T16:24:54","date_gmt":"2026-04-21T14:24:54","guid":{"rendered":"https:\/\/sites.ffkarate.fr\/doubs\/?p=4898"},"modified":"2026-04-21T16:27:05","modified_gmt":"2026-04-21T14:27:05","slug":"pka-championnat-de-france-kata-mulhouse-le-11-et-12-avril-2026","status":"publish","type":"post","link":"https:\/\/sites.ffkarate.fr\/doubs\/2026\/04\/21\/pka-championnat-de-france-kata-mulhouse-le-11-et-12-avril-2026\/","title":{"rendered":"PKA &#8211; Championnat de France Kata &#8211; Mulhouse le 11 et 12 avril 2026"},"content":{"rendered":"<div class=\"wpb-content-wrapper\"><p>[vc_row][vc_column][vc_column_text]\ud83e\udd4b\ud83d\udd25 HISTORIQUE POUR PLANOISE KARAT\u00c9 ACADEMY ! C&rsquo;est le seul club du Doubs m\u00e9daill\u00e9 en \u00e9quipe katas \ud83d\udd25\ud83e\udd4b<\/p>\n<p>Le Planoise Karat\u00e9 Academy \u00e9tait pr\u00e9sent \u00e0 MULHOUSE ce week-end 11, 12 avril au Championnat de France Kata (minimes, cadets, juniors) \ud83c\uddeb\ud83c\uddf7<\/p>\n<p>\ud83d\udc49 Avec le coach Ahmed Zemouri, l\u2019\u00e9quipe kata r\u00e9alise une performance exceptionnelle :<br \/>\n\ud83e\udd49 M\u00e9daille de bronze par \u00e9quipe !<\/p>\n<p>\ud83d\udca5 Une m\u00e9daille historique pour notre r\u00e9gion, puisque c\u2019est la premi\u00e8re fois qu\u2019une \u00e9quipe kata revient avec une m\u00e9daille \u00e0 ce niveau !<\/p>\n<p>\ud83d\udc4f F\u00e9licitations au coach Ahmed Zemouri pour son travail remarquable.<br \/>\n\ud83d\udc4f F\u00e9licitations aux athl\u00e8tes pour leur engagement et leur d\u00e9termination.<br \/>\n\ud83d\udc4f F\u00e9licitations \u00e9galement aux coachs et la Pr\u00e9sidente Esther Guazzetti.<\/p>\n<p>\ud83d\udcaa Le Combat continue\u2026 et ce n\u2019est que le d\u00e9but des performances en kata !<\/p>\n<p>Aly Yugo.[\/vc_column_text][\/vc_column][\/vc_row][vc_row][vc_column width=\u00a0\u00bb1\/2&Prime;][vc_single_image image=\u00a0\u00bb4896&Prime; link=\u00a0\u00bbhttps:\/\/sites.ffkarate.fr\/doubs\/wp-content\/uploads\/sites\/41\/2026\/04\/IMG-20260413-WA0033.jpg\u00a0\u00bb][\/vc_column][vc_column width=\u00a0\u00bb1\/2&Prime;][vc_single_image image=\u00a0\u00bb4897&Prime; link=\u00a0\u00bbhttps:\/\/sites.ffkarate.fr\/doubs\/wp-content\/uploads\/sites\/41\/2026\/04\/IMG-20260413-WA0037.jpg\u00a0\u00bb][\/vc_column][\/vc_row]<\/p>\n<\/div>","protected":false},"excerpt":{"rendered":"<p>[vc_row][vc_column][vc_column_text]\ud83e\udd4b\ud83d\udd25 HISTORIQUE POUR PLANOISE KARAT\u00c9 ACADEMY ! C&rsquo;est le seul club du Doubs m\u00e9daill\u00e9 en \u00e9quipe katas \ud83d\udd25\ud83e\udd4b Le Planoise Karat\u00e9 Academy \u00e9tait pr\u00e9sent \u00e0 MULHOUSE ce week-end 11, 12 avril au Championnat de France Kata (minimes, cadets, juniors) \ud83c\uddeb\ud83c\uddf7 \ud83d\udc49 Avec le coach Ahmed Zemouri, l\u2019\u00e9quipe kata r\u00e9alise une performance exceptionnelle : \ud83e\udd49 M\u00e9daille [&hellip;]<\/p>\n","protected":false},"author":83,"featured_media":0,"comment_status":"open","ping_status":"open","sticky":false,"template":"","format":"standard","meta":{"footnotes":""},"categories":[1],"tags":[],"class_list":["post-4898","post","type-post","status-publish","format-standard","hentry","category-non-classe"],"_links":{"self":[{"href":"https:\/\/sites.ffkarate.fr\/doubs\/wp-json\/wp\/v2\/posts\/4898","targetHints":{"allow":["GET"]}}],"collection":[{"href":"https:\/\/sites.ffkarate.fr\/doubs\/wp-json\/wp\/v2\/posts"}],"about":[{"href":"https:\/\/sites.ffkarate.fr\/doubs\/wp-json\/wp\/v2\/types\/post"}],"author":[{"embeddable":true,"href":"https:\/\/sites.ffkarate.fr\/doubs\/wp-json\/wp\/v2\/users\/83"}],"replies":[{"embeddable":true,"href":"https:\/\/sites.ffkarate.fr\/doubs\/wp-json\/wp\/v2\/comments?post=4898"}],"version-history":[{"count":4,"href":"https:\/\/sites.ffkarate.fr\/doubs\/wp-json\/wp\/v2\/posts\/4898\/revisions"}],"predecessor-version":[{"id":4902,"href":"https:\/\/sites.ffkarate.fr\/doubs\/wp-json\/wp\/v2\/posts\/4898\/revisions\/4902"}],"wp:attachment":[{"href":"https:\/\/sites.ffkarate.fr\/doubs\/wp-json\/wp\/v2\/media?parent=4898"}],"wp:term":[{"taxonomy":"category","embeddable":true,"href":"https:\/\/sites.ffkarate.fr\/doubs\/wp-json\/wp\/v2\/categories?post=4898"},{"taxonomy":"post_tag","embeddable":true,"href":"https:\/\/sites.ffkarate.fr\/doubs\/wp-json\/wp\/v2\/tags?post=4898"}],"curies":[{"name":"wp","href":"https:\/\/api.w.org\/{rel}","templated":true}]}}