{"id":4923,"date":"2026-04-27T08:24:52","date_gmt":"2026-04-27T06:24:52","guid":{"rendered":"https:\/\/sites.ffkarate.fr\/doubs\/?p=4923"},"modified":"2026-04-27T08:29:15","modified_gmt":"2026-04-27T06:29:15","slug":"pka-championnat-de-france-cadets-du-25-et-26-avril","status":"publish","type":"post","link":"https:\/\/sites.ffkarate.fr\/doubs\/2026\/04\/27\/pka-championnat-de-france-cadets-du-25-et-26-avril\/","title":{"rendered":"PKA &#8211; Championnat de France cadets du 25 et 26 avril"},"content":{"rendered":"<div class=\"wpb-content-wrapper\"><p>[vc_row][vc_column][vc_column_text]<\/p>\n<div dir=\"auto\">\n<p>Resultats des Championnats de France Cadets de ce week-end 25-26 avril.<\/p>\n<p>Le Planoise Karat\u00e9 Academy y \u00e9tait pr\u00e9sent avec Enes LABAS et Azra AKG\u00dcN.<\/p>\n<p>\ud83e\udd49 Enes va chercher une superbe m\u00e9daille de bronze apr\u00e8s un gros parcours, malgr\u00e9 les blessures. Une m\u00e9daille qui a beaucoup de valeur !<\/p>\n<p>Azra d\u00e9marre tr\u00e8s fort mais s\u2019incline dans les derni\u00e8res secondes. Une exp\u00e9rience qui va lui servir pour la suite.<\/p>\n<p>F\u00e9licitations \u00e0 nos deux athl\u00e8tes d&rsquo;avoir fait briller \u00e0 nouveau notre club quarantenaire et la ville de Besan\u00e7on.<\/p>\n<p>Le Combat continue&#8230;<\/p>\n<p>Prochaine \u00e9tape : les championnats de France Juniors individuels et \u00e9quipes le week-end 2-3 mai prochain\u2026<\/p>\n<p>Ether GUAZZETTI<\/p>\n<\/div>\n<div>Pr\u00e9sidente du Planoise Karat\u00e9 Academy<\/div>\n<p>[\/vc_column_text][\/vc_column][\/vc_row][vc_row][vc_column width=\u00a0\u00bb1\/3&Prime;][vc_single_image image=\u00a0\u00bb4920&Prime; link=\u00a0\u00bbhttps:\/\/sites.ffkarate.fr\/doubs\/wp-content\/uploads\/sites\/41\/2026\/04\/IMG-20260426-WA0032.jpg\u00a0\u00bb onclick=\u00a0\u00bbcustom_link\u00a0\u00bb][\/vc_column][vc_column width=\u00a0\u00bb1\/3&Prime;][vc_single_image image=\u00a0\u00bb4922&Prime; link=\u00a0\u00bbhttps:\/\/sites.ffkarate.fr\/doubs\/wp-content\/uploads\/sites\/41\/2026\/04\/IMG-20260426-WA0019.jpg\u00a0\u00bb onclick=\u00a0\u00bbcustom_link\u00a0\u00bb][\/vc_column][vc_column width=\u00a0\u00bb1\/3&Prime;][vc_single_image image=\u00a0\u00bb4921&Prime; link=\u00a0\u00bbhttps:\/\/sites.ffkarate.fr\/doubs\/wp-content\/uploads\/sites\/41\/2026\/04\/IMG-20260426-WA0015.jpg\u00a0\u00bb onclick=\u00a0\u00bbcustom_link\u00a0\u00bb][\/vc_column][\/vc_row]<\/p>\n<\/div>","protected":false},"excerpt":{"rendered":"<p>[vc_row][vc_column][vc_column_text] Resultats des Championnats de France Cadets de ce week-end 25-26 avril. Le Planoise Karat\u00e9 Academy y \u00e9tait pr\u00e9sent avec Enes LABAS et Azra AKG\u00dcN. \ud83e\udd49 Enes va chercher une superbe m\u00e9daille de bronze apr\u00e8s un gros parcours, malgr\u00e9 les blessures. Une m\u00e9daille qui a beaucoup de valeur ! Azra d\u00e9marre tr\u00e8s fort mais s\u2019incline [&hellip;]<\/p>\n","protected":false},"author":83,"featured_media":0,"comment_status":"open","ping_status":"open","sticky":false,"template":"","format":"standard","meta":{"footnotes":""},"categories":[1],"tags":[],"class_list":["post-4923","post","type-post","status-publish","format-standard","hentry","category-non-classe"],"_links":{"self":[{"href":"https:\/\/sites.ffkarate.fr\/doubs\/wp-json\/wp\/v2\/posts\/4923","targetHints":{"allow":["GET"]}}],"collection":[{"href":"https:\/\/sites.ffkarate.fr\/doubs\/wp-json\/wp\/v2\/posts"}],"about":[{"href":"https:\/\/sites.ffkarate.fr\/doubs\/wp-json\/wp\/v2\/types\/post"}],"author":[{"embeddable":true,"href":"https:\/\/sites.ffkarate.fr\/doubs\/wp-json\/wp\/v2\/users\/83"}],"replies":[{"embeddable":true,"href":"https:\/\/sites.ffkarate.fr\/doubs\/wp-json\/wp\/v2\/comments?post=4923"}],"version-history":[{"count":3,"href":"https:\/\/sites.ffkarate.fr\/doubs\/wp-json\/wp\/v2\/posts\/4923\/revisions"}],"predecessor-version":[{"id":4926,"href":"https:\/\/sites.ffkarate.fr\/doubs\/wp-json\/wp\/v2\/posts\/4923\/revisions\/4926"}],"wp:attachment":[{"href":"https:\/\/sites.ffkarate.fr\/doubs\/wp-json\/wp\/v2\/media?parent=4923"}],"wp:term":[{"taxonomy":"category","embeddable":true,"href":"https:\/\/sites.ffkarate.fr\/doubs\/wp-json\/wp\/v2\/categories?post=4923"},{"taxonomy":"post_tag","embeddable":true,"href":"https:\/\/sites.ffkarate.fr\/doubs\/wp-json\/wp\/v2\/tags?post=4923"}],"curies":[{"name":"wp","href":"https:\/\/api.w.org\/{rel}","templated":true}]}}