{"id":2596,"date":"2023-02-21T20:03:08","date_gmt":"2023-02-21T19:03:08","guid":{"rendered":"https:\/\/sites.ffkarate.fr\/dromeardeche\/?p=2596"},"modified":"2023-02-21T20:03:08","modified_gmt":"2023-02-21T19:03:08","slug":"challenge-jean-collomb-kata-kumite-ppb-mcjs-veterans","status":"publish","type":"post","link":"https:\/\/sites.ffkarate.fr\/dromeardeche\/2023\/02\/21\/challenge-jean-collomb-kata-kumite-ppb-mcjs-veterans\/","title":{"rendered":"Challenge Jean Collomb Kata\/Kumit\u00e9 PPB\/MCJS\/V\u00e9t\u00e9rans"},"content":{"rendered":"<div class=\"wpb-content-wrapper\"><p>[vc_row][vc_column][vc_column_text]<strong><em>Challenge Jean Collomb Kata\/Kumit\u00e9 PPB\/MCJS\/V\u00e9t\u00e9rans<\/em><\/strong><\/p>\n<p><strong><em>Gymnase Claude Bon 2, rue de sabli\u00e8re 26250 Livron-sur-Dr\u00f4me<\/em><\/strong>[\/vc_column_text][\/vc_column][\/vc_row][vc_row][vc_column][vc_column_text]<strong><u>Le matin<\/u><\/strong>\u00a0: \u00a0\u00a0\u00a0\u00a0 kata &amp; kumit\u00e9, \u00a0\u00a0\u00a0\u00a0\u00a0\u00a0\u00a0\u00a0\u00a0 M\/C\/J\/S, V\u00e9t\u00e9rans<\/p>\n<ul>\n<li><strong>De 8h00 \u00e0 8h30 :<\/strong> contr\u00f4le Juniors\/Seniors, V\u00e9t\u00e9rans 1\u00a0:2\u00a0:3\u00a0:4, Masculins\/F\u00e9minins<\/li>\n<li><strong> De 8h30 \u00e0 9h00\u00a0:<\/strong> contr\u00f4le Cadets\/Minimes<\/li>\n<\/ul>\n<p><strong><u>L\u2019apr\u00e8s-midi\u00a0:<\/u><\/strong> kata &amp; kumit\u00e9,\u00a0\u00a0\u00a0\u00a0\u00a0\u00a0\u00a0\u00a0 P\/P\/B<\/p>\n<ul>\n<li><strong>De 13h00 \u00e0 13h30 :<\/strong> contr\u00f4le Poussins\u00a0\u00a0\u00a0\u00a0\u00a0\u00a0\u00a0\u00a0\u00a0\u00a0\u00a0 Masculins\/F\u00e9minins<\/li>\n<li><strong> De 13h30 \u00e0 14h00\u00a0: <\/strong>contr\u00f4le Pupilles\u00a0\u00a0\u00a0\u00a0\u00a0\u00a0\u00a0\u00a0\u00a0\u00a0\u00a0 Masculins\/F\u00e9minins<\/li>\n<li><strong> De 13h00 \u00e0 13h30\u00a0: <\/strong>contr\u00f4le Benjamins\u00a0\u00a0\u00a0\u00a0\u00a0\u00a0\u00a0\u00a0\u00a0\u00a0\u00a0 Masculins\/F\u00e9minins<\/li>\n<\/ul>\n<p>Inscriptions en ligne \u00e0 effectuer par les clubs au plus tard le lundi 13 mars, dernier d\u00e9lai \u00a0\u00a0\u00a0\u00a0\u00a0\u00a0\u00a0\u00a0\u00a0\u00a0\u00a0 Lien d\u2019inscription en ligne (<a href=\"http:\/\/www.ffkcompetition.fr\/\" target=\"_blank\" rel=\"noopener\">http:\/\/www.ffkcompetition.fr\/<\/a>)<\/p>\n<ul>\n<li>faire parvenir un ch\u00e8que de caution de 3\u20ac par comp\u00e9titeur au DTD, M. Ahmed BAKHTAR, \u00e0 l&rsquo;adresse postale ci-dessous au plus tard le 13\/03\/2023, sans ch\u00e8que de caution les comp\u00e9titeurs ne seront pas inscrits<\/li>\n<\/ul>\n<ol>\n<li><strong><u> Ahmed BAKHTAR, 5, impasse des Cantarelles 26130 Saint Paul trois ch\u00e2teaux<\/u><\/strong><\/li>\n<\/ol>\n<ul>\n<li>Le comp\u00e9titeur doit poss\u00e9der la licence de la saison sportive en cours, une seule licence est suffisante<\/li>\n<li>Pas besoin de poss\u00e9der un passeport sportif<\/li>\n<\/ul>\n<p>&#8230;&#8230;&#8230;&#8230;&#8230;&#8230;&#8230;&#8230;&#8230;&#8230;&#8230;&#8230;&#8230;&#8230;&#8230;&#8230;&#8230;&#8230;&#8230;&#8230;&#8230;&#8230;&#8230;&#8230;&#8230;&#8230;&#8230;&#8230;&#8230;&#8230;&#8230;&#8230;&#8230;&#8230;&#8230;&#8230;.<\/p>\n<p style=\"text-align: center\"><strong><em><u>MODALITES KUMIT\u00c9<\/u><\/em><\/strong><\/p>\n<p><strong><em><u>TENUES SPORTIVES PERSONNELLES OBLIGATOIRES<\/u><\/em><\/strong><\/p>\n<p>\u25ba Karat\u00e9 gi blanc.<\/p>\n<p>\u25ba Gants rouges et gants bleus.<\/p>\n<p>\u25ba Plastron r\u00e9versible bleu-rouge, (sans les ceintures sous le plastron pour les cat\u00e9gories poussin \u00e0 Minimes).<\/p>\n<p>\u25ba Casque bleu et rouge.<\/p>\n<p>\u25ba Prot\u00e8ge dents (adapt\u00e9 en cas d\u2019appareil dentaire.)<\/p>\n<p>\u25ba Prot\u00e8ges pieds et tibias rouges et prot\u00e8ges pieds et tibias bleus.<\/p>\n<p>\u25ba Coquille pour les gar\u00e7ons d\u00e8s la cat\u00e9gorie poussin \/ Prot\u00e8ge-poitrine pour les filles \u00e0 partir de la cat\u00e9gorie cadette<strong> (Voir r\u00e8glement f\u00e9d\u00e9ral).<\/strong><\/p>\n<p>\u25ba Les lunettes sont interdites. Le port de lentilles de contact souples est autoris\u00e9 sous la responsabilit\u00e9 du comp\u00e9titeur.<\/p>\n<p>\u25ba Les femmes peuvent porter un T-shirt blanc uni sous la veste du KARATE-GI<\/p>\n<p>Le port de tout autre v\u00eatement ou \u00e9quipement est interdit.<\/p>\n<p><strong><u>Nationalit\u00e9 :<\/u><\/strong> Il n\u2019y a pas de contrainte de nationalit\u00e9<\/p>\n<p>&#8230;&#8230;&#8230;&#8230;&#8230;&#8230;&#8230;&#8230;&#8230;&#8230;&#8230;&#8230;&#8230;&#8230;&#8230;&#8230;&#8230;&#8230;&#8230;&#8230;&#8230;&#8230;&#8230;&#8230;&#8230;&#8230;&#8230;&#8230;&#8230;&#8230;&#8230;&#8230;&#8230;&#8230;&#8230;&#8230;.<\/p>\n<p style=\"text-align: center\"><strong><em><u>MODALITES KATA<\/u><\/em><\/strong><\/p>\n<p style=\"text-align: center\"><strong><em><u>Tenues personnelles obligatoires :<\/u><\/em><\/strong><\/p>\n<p>\u25ba Karat\u00e9 gi blanc<\/p>\n<p>\u25ba Ceinture rouge et ceinture bleue.<\/p>\n<p>\u25ba Pour les filles\u00a0: T-shirt blanc uni sous la veste du KARATE-GI<\/p>\n<p><strong>Les poussins, uniquement, pourront refaire le m\u00eame kata autant de fois qu\u2019ils le souhaitent<\/strong><\/p>\n<p><strong><u>Nationalit\u00e9 :<\/u><\/strong> Il n\u2019y a pas de contrainte de nationalit\u00e9<\/p>\n<p>Pour tous les renseignements compl\u00e9mentaires, vous pouvez contacter le DTD<\/p>\n<p><strong><u>Mail\u00a0:<\/u><\/strong> <a href=\"mailto:bakhtar.ahmed@orange.fr\">bakhtar.ahmed@orange.fr<\/a> \/\/ <strong><u>T\u00e9l\u00a0:<\/u><\/strong> 06 08 70 35 66<\/p>\n<p>&nbsp;<\/p>\n<p>[\/vc_column_text][\/vc_column][\/vc_row]<\/p>\n<\/div>","protected":false},"excerpt":{"rendered":"<p>[vc_row][vc_column][vc_column_text]Challenge Jean Collomb Kata\/Kumit\u00e9 PPB\/MCJS\/V\u00e9t\u00e9rans Gymnase Claude Bon 2, rue de sabli\u00e8re 26250 Livron-sur-Dr\u00f4me[\/vc_column_text][\/vc_column][\/vc_row][vc_row][vc_column][vc_column_text]Le matin\u00a0: \u00a0\u00a0\u00a0\u00a0 kata &amp; kumit\u00e9, \u00a0\u00a0\u00a0\u00a0\u00a0\u00a0\u00a0\u00a0\u00a0 M\/C\/J\/S, V\u00e9t\u00e9rans De 8h00 \u00e0 8h30 : contr\u00f4le Juniors\/Seniors, V\u00e9t\u00e9rans 1\u00a0:2\u00a0:3\u00a0:4, Masculins\/F\u00e9minins De 8h30 \u00e0 9h00\u00a0: contr\u00f4le Cadets\/Minimes L\u2019apr\u00e8s-midi\u00a0: kata &amp; kumit\u00e9,\u00a0\u00a0\u00a0\u00a0\u00a0\u00a0\u00a0\u00a0 P\/P\/B De 13h00 \u00e0 13h30 : contr\u00f4le Poussins\u00a0\u00a0\u00a0\u00a0\u00a0\u00a0\u00a0\u00a0\u00a0\u00a0\u00a0 Masculins\/F\u00e9minins De 13h30 \u00e0 14h00\u00a0: [&hellip;]<\/p>\n","protected":false},"author":198,"featured_media":2595,"comment_status":"closed","ping_status":"closed","sticky":false,"template":"","format":"standard","meta":{"footnotes":""},"categories":[5],"tags":[],"class_list":["post-2596","post","type-post","status-publish","format-standard","hentry","category-actualites"],"_links":{"self":[{"href":"https:\/\/sites.ffkarate.fr\/dromeardeche\/wp-json\/wp\/v2\/posts\/2596","targetHints":{"allow":["GET"]}}],"collection":[{"href":"https:\/\/sites.ffkarate.fr\/dromeardeche\/wp-json\/wp\/v2\/posts"}],"about":[{"href":"https:\/\/sites.ffkarate.fr\/dromeardeche\/wp-json\/wp\/v2\/types\/post"}],"author":[{"embeddable":true,"href":"https:\/\/sites.ffkarate.fr\/dromeardeche\/wp-json\/wp\/v2\/users\/198"}],"replies":[{"embeddable":true,"href":"https:\/\/sites.ffkarate.fr\/dromeardeche\/wp-json\/wp\/v2\/comments?post=2596"}],"version-history":[{"count":2,"href":"https:\/\/sites.ffkarate.fr\/dromeardeche\/wp-json\/wp\/v2\/posts\/2596\/revisions"}],"predecessor-version":[{"id":2598,"href":"https:\/\/sites.ffkarate.fr\/dromeardeche\/wp-json\/wp\/v2\/posts\/2596\/revisions\/2598"}],"wp:featuredmedia":[{"embeddable":true,"href":"https:\/\/sites.ffkarate.fr\/dromeardeche\/wp-json\/wp\/v2\/media\/2595"}],"wp:attachment":[{"href":"https:\/\/sites.ffkarate.fr\/dromeardeche\/wp-json\/wp\/v2\/media?parent=2596"}],"wp:term":[{"taxonomy":"category","embeddable":true,"href":"https:\/\/sites.ffkarate.fr\/dromeardeche\/wp-json\/wp\/v2\/categories?post=2596"},{"taxonomy":"post_tag","embeddable":true,"href":"https:\/\/sites.ffkarate.fr\/dromeardeche\/wp-json\/wp\/v2\/tags?post=2596"}],"curies":[{"name":"wp","href":"https:\/\/api.w.org\/{rel}","templated":true}]}}