{"id":2619,"date":"2023-02-08T17:15:53","date_gmt":"2023-02-08T16:15:53","guid":{"rendered":"https:\/\/sites.ffkarate.fr\/dromeardeche\/?p=2619"},"modified":"2023-03-13T12:38:36","modified_gmt":"2023-03-13T11:38:36","slug":"retour-sur-le-stage-de-karate-du-04-03-2023-a-bourg-les-valence-avec-josy-gardier-7eme-dan","status":"publish","type":"post","link":"https:\/\/sites.ffkarate.fr\/dromeardeche\/2023\/02\/08\/retour-sur-le-stage-de-karate-du-04-03-2023-a-bourg-les-valence-avec-josy-gardier-7eme-dan\/","title":{"rendered":"Retour sur le stage de karat\u00e9 du 04\/03\/2023 \u00e0 Bourg-L\u00e8s-Valence avec Josy Gardier 7\u00e8me Dan"},"content":{"rendered":"<div class=\"wpb-content-wrapper\"><p>[vc_row][vc_column][vc_column_text]Belle r\u00e9ussite pour le stage de karat\u00e9 organis\u00e9 par le comit\u00e9 Dr\u00f4me\/Ard\u00e8che de Karat\u00e9. Il s\u2019est d\u00e9roul\u00e9 sous la direction de Josy Gardier 7\u00e8me, o\u00f9 35 stagiaires ont pu appr\u00e9cier et d\u00e9couvrir des techniques sur la recherche de l&rsquo;efficacit\u00e9 sur les attaques et les d\u00e9fenses. Merci au club de Krav-Maga de Bourg-L\u00e8s-Valence d&rsquo;avoir accueilli ce stage. A refaire la saison prochaine.[\/vc_column_text][\/vc_column][\/vc_row]<\/p>\n<\/div>","protected":false},"excerpt":{"rendered":"<p>[vc_row][vc_column][vc_column_text]Belle r\u00e9ussite pour le stage de karat\u00e9 organis\u00e9 par le comit\u00e9 Dr\u00f4me\/Ard\u00e8che de Karat\u00e9. Il s\u2019est d\u00e9roul\u00e9 sous la direction de Josy Gardier 7\u00e8me, o\u00f9 35 stagiaires ont pu appr\u00e9cier et d\u00e9couvrir des techniques sur la recherche de l&rsquo;efficacit\u00e9 sur les attaques et les d\u00e9fenses. Merci au club de Krav-Maga de Bourg-L\u00e8s-Valence d&rsquo;avoir accueilli ce [&hellip;]<\/p>\n","protected":false},"author":198,"featured_media":2620,"comment_status":"closed","ping_status":"closed","sticky":false,"template":"","format":"standard","meta":{"footnotes":""},"categories":[5],"tags":[],"class_list":["post-2619","post","type-post","status-publish","format-standard","hentry","category-actualites"],"_links":{"self":[{"href":"https:\/\/sites.ffkarate.fr\/dromeardeche\/wp-json\/wp\/v2\/posts\/2619","targetHints":{"allow":["GET"]}}],"collection":[{"href":"https:\/\/sites.ffkarate.fr\/dromeardeche\/wp-json\/wp\/v2\/posts"}],"about":[{"href":"https:\/\/sites.ffkarate.fr\/dromeardeche\/wp-json\/wp\/v2\/types\/post"}],"author":[{"embeddable":true,"href":"https:\/\/sites.ffkarate.fr\/dromeardeche\/wp-json\/wp\/v2\/users\/198"}],"replies":[{"embeddable":true,"href":"https:\/\/sites.ffkarate.fr\/dromeardeche\/wp-json\/wp\/v2\/comments?post=2619"}],"version-history":[{"count":2,"href":"https:\/\/sites.ffkarate.fr\/dromeardeche\/wp-json\/wp\/v2\/posts\/2619\/revisions"}],"predecessor-version":[{"id":2622,"href":"https:\/\/sites.ffkarate.fr\/dromeardeche\/wp-json\/wp\/v2\/posts\/2619\/revisions\/2622"}],"wp:featuredmedia":[{"embeddable":true,"href":"https:\/\/sites.ffkarate.fr\/dromeardeche\/wp-json\/wp\/v2\/media\/2620"}],"wp:attachment":[{"href":"https:\/\/sites.ffkarate.fr\/dromeardeche\/wp-json\/wp\/v2\/media?parent=2619"}],"wp:term":[{"taxonomy":"category","embeddable":true,"href":"https:\/\/sites.ffkarate.fr\/dromeardeche\/wp-json\/wp\/v2\/categories?post=2619"},{"taxonomy":"post_tag","embeddable":true,"href":"https:\/\/sites.ffkarate.fr\/dromeardeche\/wp-json\/wp\/v2\/tags?post=2619"}],"curies":[{"name":"wp","href":"https:\/\/api.w.org\/{rel}","templated":true}]}}