{"id":4223,"date":"2026-04-25T00:07:17","date_gmt":"2026-04-24T22:07:17","guid":{"rendered":"https:\/\/sites.ffkarate.fr\/dromeardeche\/?p=4223"},"modified":"2026-04-20T20:10:46","modified_gmt":"2026-04-20T18:10:46","slug":"le-club-wado-ryu-karate-annonay-au-championnat-de-france","status":"publish","type":"post","link":"https:\/\/sites.ffkarate.fr\/dromeardeche\/2026\/04\/25\/le-club-wado-ryu-karate-annonay-au-championnat-de-france\/","title":{"rendered":"Le club Wado-Ryu karat\u00e9 Annonay au championnat de France"},"content":{"rendered":"<div class=\"wpb-content-wrapper\"><p>[vc_row][vc_column][vc_column_text]<strong>R\u00e9sultats du Championnat de France Kumit\u00e9 Minimes du 18 avril \u00e0 Pont-\u00e0-Mousson (54)<\/strong><\/p>\n<p>Une premi\u00e8re exp\u00e9rience pour Juliette Kerscaven en + 55 kg, qui a disput\u00e9 deux combats sans parvenir \u00e0 se classer, dans une cat\u00e9gorie tr\u00e8s relev\u00e9e comptant 39 comp\u00e9titrices.<\/p>\n<p>De son c\u00f4t\u00e9, Tim Bugnazet en -65kg, engag\u00e9 dans une cat\u00e9gorie de 17 combattants, r\u00e9alise un beau parcours. Apr\u00e8s 3 combats, il s\u2019incline en demi-finale, puis perd la petite finale au <strong>senshu<\/strong> (4-4). Il termine ainsi \u00e0 une tr\u00e8s honorable 5\u00e8me place.[\/vc_column_text][\/vc_column][\/vc_row]<\/p>\n<\/div>","protected":false},"excerpt":{"rendered":"<p>[vc_row][vc_column][vc_column_text]R\u00e9sultats du Championnat de France Kumit\u00e9 Minimes du 18 avril \u00e0 Pont-\u00e0-Mousson (54) Une premi\u00e8re exp\u00e9rience pour Juliette Kerscaven en + 55 kg, qui a disput\u00e9 deux combats sans parvenir \u00e0 se classer, dans une cat\u00e9gorie tr\u00e8s relev\u00e9e comptant 39 comp\u00e9titrices. De son c\u00f4t\u00e9, Tim Bugnazet en -65kg, engag\u00e9 dans une cat\u00e9gorie de 17 combattants, [&hellip;]<\/p>\n","protected":false},"author":198,"featured_media":4224,"comment_status":"open","ping_status":"open","sticky":false,"template":"","format":"standard","meta":{"footnotes":""},"categories":[5],"tags":[],"class_list":["post-4223","post","type-post","status-publish","format-standard","hentry","category-actualites"],"_links":{"self":[{"href":"https:\/\/sites.ffkarate.fr\/dromeardeche\/wp-json\/wp\/v2\/posts\/4223","targetHints":{"allow":["GET"]}}],"collection":[{"href":"https:\/\/sites.ffkarate.fr\/dromeardeche\/wp-json\/wp\/v2\/posts"}],"about":[{"href":"https:\/\/sites.ffkarate.fr\/dromeardeche\/wp-json\/wp\/v2\/types\/post"}],"author":[{"embeddable":true,"href":"https:\/\/sites.ffkarate.fr\/dromeardeche\/wp-json\/wp\/v2\/users\/198"}],"replies":[{"embeddable":true,"href":"https:\/\/sites.ffkarate.fr\/dromeardeche\/wp-json\/wp\/v2\/comments?post=4223"}],"version-history":[{"count":3,"href":"https:\/\/sites.ffkarate.fr\/dromeardeche\/wp-json\/wp\/v2\/posts\/4223\/revisions"}],"predecessor-version":[{"id":4227,"href":"https:\/\/sites.ffkarate.fr\/dromeardeche\/wp-json\/wp\/v2\/posts\/4223\/revisions\/4227"}],"wp:featuredmedia":[{"embeddable":true,"href":"https:\/\/sites.ffkarate.fr\/dromeardeche\/wp-json\/wp\/v2\/media\/4224"}],"wp:attachment":[{"href":"https:\/\/sites.ffkarate.fr\/dromeardeche\/wp-json\/wp\/v2\/media?parent=4223"}],"wp:term":[{"taxonomy":"category","embeddable":true,"href":"https:\/\/sites.ffkarate.fr\/dromeardeche\/wp-json\/wp\/v2\/categories?post=4223"},{"taxonomy":"post_tag","embeddable":true,"href":"https:\/\/sites.ffkarate.fr\/dromeardeche\/wp-json\/wp\/v2\/tags?post=4223"}],"curies":[{"name":"wp","href":"https:\/\/api.w.org\/{rel}","templated":true}]}}