{"id":3410,"date":"2021-02-02T17:34:18","date_gmt":"2021-02-02T16:34:18","guid":{"rendered":"https:\/\/sites.ffkarate.fr\/essonne\/?post_type=news&amp;p=3410"},"modified":"2021-02-02T17:34:18","modified_gmt":"2021-02-02T16:34:18","slug":"ambassadeurs-du-sport-une-vitrine-pour-le-karate","status":"publish","type":"post","link":"https:\/\/sites.ffkarate.fr\/essonne\/2021\/02\/02\/ambassadeurs-du-sport-une-vitrine-pour-le-karate\/","title":{"rendered":"Ambassadeurs du sport : Une vitrine pour le Karat\u00e9"},"content":{"rendered":"<div class=\"wpb-content-wrapper\"><p>[vc_row][vc_column][vc_column_text]<\/p>\n<div><a href=\"https:\/\/sites.ffkarate.fr\/essonne\/wp-content\/uploads\/sites\/43\/2021\/02\/ambassadeurs.jpg\"><img decoding=\"async\" class=\"alignnone size-medium wp-image-3409\" src=\"https:\/\/sites.ffkarate.fr\/essonne\/wp-content\/uploads\/sites\/43\/2021\/02\/ambassadeurs-300x239.jpg\" alt=\"ambassadeurs\" width=\"300\" height=\"239\" \/><\/a><\/div>\n<div>Il y a 2 ans, Le D\u00e9partement a cr\u00e9\u00e9 les \u00ab\u00a0Ambassadeurs du sport\u00a0\u00bb afin de renforcer l\u2019accompagnement de ses sportifs de haut niveau et des espoirs essonniens.<\/div>\n<p><!--more--><\/p>\n<div>Par ce nouveau dispositif, il affiche d&rsquo;une part la volont\u00e9 de fid\u00e9liser ses athl\u00e8tes sur son territoire et de poursuivre sa dynamique de D\u00e9partement formateur et d\u2019excellence, et d\u2019autre part, de faire participer ses sportifs de haut niveau \u00e0 l\u2019animation du territoire et \u00e0 la sensibilisation des Essonniens \u00e0 la pratique de l\u2019activit\u00e9 physique.<\/div>\n<p>La liste des 20 nouveaux Ambassadeurs du Sport de l\u2019Essonne pour les 2 ann\u00e9es \u00e0 venir vient d&rsquo;\u00eatre d\u00e9voil\u00e9e.<\/p>\n<div><span style=\"color: #050505;font-family: 'Segoe UI Historic', 'Segoe UI', Helvetica, Arial, sans-serif\">Le CDK91 est fier de vous annoncer que 5 de nos repr\u00e9sentants (25% de l&rsquo;ensemble des Ambassadeurs) ont \u00e9t\u00e9 choisis parmi l&rsquo;ensemble des sportifs Essonniens de haut niveau et des espoirs tous sports confondus.<\/span><\/div>\n<div><span style=\"color: #050505;font-family: 'Segoe UI Historic', 'Segoe UI', Helvetica, Arial, sans-serif\">\u00a0<\/span><\/div>\n<div><span style=\"color: #050505;font-family: 'Segoe UI Historic', 'Segoe UI', Helvetica, Arial, sans-serif\">F\u00e9licitations donc \u00e0 :<\/span><\/div>\n<div><span style=\"color: #050505;font-family: 'Segoe UI Historic', 'Segoe UI', Helvetica, Arial, sans-serif\">&#8211; <b>Alexandra RECCHIA de l&rsquo;AS Evry<\/b> d\u00e9j\u00e0 pr\u00e9sente sur la liste pr\u00e9c\u00e9dente<\/span><\/div>\n<div><span style=\"color: #050505;font-family: 'Segoe UI Historic', 'Segoe UI', Helvetica, Arial, sans-serif\">&#8211; <b>Sophia BOUDERBANEde l&rsquo;AS Evry<\/b><\/span><\/div>\n<div><span style=\"color: #050505;font-family: 'Segoe UI Historic', 'Segoe UI', Helvetica, Arial, sans-serif\">&#8211; <b>Franck NGOANdu SKB Epinay sous S\u00e9nart<\/b><\/span><\/div>\n<div><span style=\"color: #050505;font-family: 'Segoe UI Historic', 'Segoe UI', Helvetica, Arial, sans-serif\">&#8211; <b>Thanh-li\u00eam L\u00ca de l&rsquo;AS Evry<\/b><\/span><\/div>\n<div><span style=\"color: #050505;font-family: 'Segoe UI Historic', 'Segoe UI', Helvetica, Arial, sans-serif\">&#8211; <b>Alexandre\u00a0MARTINS NUNES\u00a0de Saint Michel Sports<\/b><\/span><\/div>\n<div><span style=\"color: #050505;font-family: 'Segoe UI Historic', 'Segoe UI', Helvetica, Arial, sans-serif\">\u00a0<\/span><\/div>\n<div><span style=\"color: #050505;font-family: 'Segoe UI Historic', 'Segoe UI', Helvetica, Arial, sans-serif\">Le CDK91 en profite pour remercier le Conseil D\u00e9partemental de l&rsquo;Essonne pour leur soutien apport\u00e9 aux sportifs, aux clubs et aux comit\u00e9s d\u00e9partementaux<\/span><\/div>\n<p>[\/vc_column_text][\/vc_column][\/vc_row]<\/p>\n<\/div>","protected":false},"excerpt":{"rendered":"<p>[vc_row][vc_column][vc_column_text] Il y a 2 ans, Le D\u00e9partement a cr\u00e9\u00e9 les \u00ab\u00a0Ambassadeurs du sport\u00a0\u00bb afin de renforcer l\u2019accompagnement de ses sportifs de haut niveau et des espoirs essonniens.<\/p>\n","protected":false},"author":71,"featured_media":0,"comment_status":"closed","ping_status":"closed","sticky":false,"template":"","format":"standard","meta":{"footnotes":""},"categories":[1],"tags":[],"class_list":["post-3410","post","type-post","status-publish","format-standard","hentry","category-non-classe"],"_links":{"self":[{"href":"https:\/\/sites.ffkarate.fr\/essonne\/wp-json\/wp\/v2\/posts\/3410","targetHints":{"allow":["GET"]}}],"collection":[{"href":"https:\/\/sites.ffkarate.fr\/essonne\/wp-json\/wp\/v2\/posts"}],"about":[{"href":"https:\/\/sites.ffkarate.fr\/essonne\/wp-json\/wp\/v2\/types\/post"}],"author":[{"embeddable":true,"href":"https:\/\/sites.ffkarate.fr\/essonne\/wp-json\/wp\/v2\/users\/71"}],"replies":[{"embeddable":true,"href":"https:\/\/sites.ffkarate.fr\/essonne\/wp-json\/wp\/v2\/comments?post=3410"}],"version-history":[{"count":0,"href":"https:\/\/sites.ffkarate.fr\/essonne\/wp-json\/wp\/v2\/posts\/3410\/revisions"}],"wp:attachment":[{"href":"https:\/\/sites.ffkarate.fr\/essonne\/wp-json\/wp\/v2\/media?parent=3410"}],"wp:term":[{"taxonomy":"category","embeddable":true,"href":"https:\/\/sites.ffkarate.fr\/essonne\/wp-json\/wp\/v2\/categories?post=3410"},{"taxonomy":"post_tag","embeddable":true,"href":"https:\/\/sites.ffkarate.fr\/essonne\/wp-json\/wp\/v2\/tags?post=3410"}],"curies":[{"name":"wp","href":"https:\/\/api.w.org\/{rel}","templated":true}]}}