{"id":4658,"date":"2023-10-31T15:03:22","date_gmt":"2023-10-31T14:03:22","guid":{"rendered":"https:\/\/sites.ffkarate.fr\/essonne\/?p=4658"},"modified":"2023-10-31T18:36:57","modified_gmt":"2023-10-31T17:36:57","slug":"championnat-du-monde-de-karate-senior-le-bronze-en-equipe-pour-thanh-liem-le","status":"publish","type":"post","link":"https:\/\/sites.ffkarate.fr\/essonne\/2023\/10\/31\/championnat-du-monde-de-karate-senior-le-bronze-en-equipe-pour-thanh-liem-le\/","title":{"rendered":"Championnat du Monde de Karat\u00e9 Senior : le Bronze en \u00e9quipe pour Thanh Liem L\u00ca"},"content":{"rendered":"<div class=\"wpb-content-wrapper\"><p>[vc_row][vc_column][vc_column_text]<\/p>\n<h1><span style=\"font-size: large\"><b>F\u00e9licitations \u00e0 <span style=\"font-family: arial, sans-serif\"><span style=\"color: #0000ff\">Thanh-Li\u00eam L\u00ca<\/span><\/span><\/b><strong><span style=\"color: #0000ff\">-25 ans (AS Evry-Courcouronnes)<\/span> <\/strong><b>qui apr\u00e8s une m\u00e9daille d&rsquo;Argent au Championnat d&rsquo;Europe par \u00e9quipe Combat en Mars 2023, remporte ce WE la m\u00e9daille de Bronze en \u00e9quipe combat Senior \u00e0 Budapest au Championnat du Monde de Karat\u00e9 Senior<\/b><\/span><!--more--><\/h1>\n<div>\n<h2><span style=\"font-size: large\"><b>Au terme d&rsquo;un sc\u00e9nario totalement fou, les Fran\u00e7ais retournent les Kazakhs apr\u00e8s avoir mal d\u00e9marr\u00e9. L&rsquo;\u00e9quipe men\u00e9e 2-0, Thanh-Li\u00eam en 3\u00e8me place redonne l&rsquo;espoir et nos tricolores recollent \u00e0 2-2 avant de donner le coup de gr\u00e2ce lors du combat d\u00e9cisif, victoire 2-3<\/b><\/span><span style=\"font-size: large\"><b><br \/>\n<\/b><\/span><\/h2>\n<div>\n<div>\n<h2><span style=\"font-size: large\"><b>\u00a0<\/b><\/span><\/h2>\n<h2><span style=\"font-size: large\"><b>R\u00e9sultats de nos Essonniens<\/b><\/span><\/h2>\n<div>\n<ul>\n<li>\n<h2><span style=\"font-family: arial, sans-serif\"><span style=\"color: #0000ff\"><span style=\"font-size: large\"><b>Arthur NO\u00cbL-21 ans\u00a0<\/b><\/span>\u00a0<b>(AS Evry-Courcouronnes) et <span style=\"font-size: large\">Hugo POISSON<\/span>-20 ans <\/b>\u00a0<\/span><b><span style=\"color: #0000ff\">(SKB Epinay sous S\u00e9nart)\u00a0<\/span><\/b><span style=\"font-size: large\"><b>terminent \u00e0 une belle 5\u00e8me place de ces Championnats du Monde =&gt; Cette \u00e9quipe jeune \u00e0 encore de belles ann\u00e9es devant elle quant on sait que la maturit\u00e9 dans cette cat\u00e9gorie est \u00e0 25\/30 ans<\/b><\/span><\/span><\/h2>\n<\/li>\n<li>\n<h2><span style=\"font-family: arial, sans-serif;font-size: large\"><b>D\u00e9ception pour <span style=\"color: #0000ff\">Helvetia TAILY-24 ans\u00a0(SKB Epinay sous S\u00e9nart)<\/span>\u00a0\u00e9limin\u00e9e au 2\u00e8me tour en Kata Individuel et au 1er tour en Kata par \u00e9quipe avec sa\u00a0co\u00e9quipi\u00e8re de club\u00a0<span style=\"color: #0000ff\">Romane LEITAO-20 ans<\/span>\u00a0=&gt; On apprend beaucoup par la d\u00e9faite qui est le chemin vers la r\u00e9ussite<\/b><\/span><\/h2>\n<\/li>\n<li>\n<h2><span style=\"font-family: arial, sans-serif\"><span style=\"color: #0000ff\"><span style=\"font-size: large\"><b>Franck NGOAN-23 ans\u00a0<\/b><\/span>\u00a0<\/span><b><span style=\"color: #0000ff\">(AS Evry-Courcouronnes)<\/span><span style=\"color: #000000\">\u00a0apr\u00e8s les 2 premiers tours, ne parvient pas \u00e0 franchir le stade de la Demi-Finale<\/span><\/b><\/span><\/h2>\n<\/li>\n<\/ul>\n<\/div>\n<\/div>\n<\/div>\n<\/div>\n<p>[\/vc_column_text][vc_single_image image=\u00a0\u00bb4667&Prime;][vc_single_image image=\u00a0\u00bb4673&Prime;][vc_single_image image=\u00a0\u00bb4664&Prime;][vc_single_image image=\u00a0\u00bb4672&Prime;][vc_single_image image=\u00a0\u00bb4666&Prime;][\/vc_column][\/vc_row]<\/p>\n<\/div>","protected":false},"excerpt":{"rendered":"<p>[vc_row][vc_column][vc_column_text] F\u00e9licitations \u00e0 Thanh-Li\u00eam L\u00ca-25 ans (AS Evry-Courcouronnes) qui apr\u00e8s une m\u00e9daille d&rsquo;Argent au Championnat d&rsquo;Europe par \u00e9quipe Combat en Mars 2023, remporte ce WE la m\u00e9daille de Bronze en \u00e9quipe combat Senior \u00e0 Budapest au Championnat du Monde de Karat\u00e9 Senior<\/p>\n","protected":false},"author":71,"featured_media":4657,"comment_status":"closed","ping_status":"closed","sticky":false,"template":"","format":"standard","meta":{"footnotes":""},"categories":[5,10],"tags":[],"class_list":["post-4658","post","type-post","status-publish","format-standard","hentry","category-actualites","category-competitions"],"_links":{"self":[{"href":"https:\/\/sites.ffkarate.fr\/essonne\/wp-json\/wp\/v2\/posts\/4658","targetHints":{"allow":["GET"]}}],"collection":[{"href":"https:\/\/sites.ffkarate.fr\/essonne\/wp-json\/wp\/v2\/posts"}],"about":[{"href":"https:\/\/sites.ffkarate.fr\/essonne\/wp-json\/wp\/v2\/types\/post"}],"author":[{"embeddable":true,"href":"https:\/\/sites.ffkarate.fr\/essonne\/wp-json\/wp\/v2\/users\/71"}],"replies":[{"embeddable":true,"href":"https:\/\/sites.ffkarate.fr\/essonne\/wp-json\/wp\/v2\/comments?post=4658"}],"version-history":[{"count":8,"href":"https:\/\/sites.ffkarate.fr\/essonne\/wp-json\/wp\/v2\/posts\/4658\/revisions"}],"predecessor-version":[{"id":4674,"href":"https:\/\/sites.ffkarate.fr\/essonne\/wp-json\/wp\/v2\/posts\/4658\/revisions\/4674"}],"wp:featuredmedia":[{"embeddable":true,"href":"https:\/\/sites.ffkarate.fr\/essonne\/wp-json\/wp\/v2\/media\/4657"}],"wp:attachment":[{"href":"https:\/\/sites.ffkarate.fr\/essonne\/wp-json\/wp\/v2\/media?parent=4658"}],"wp:term":[{"taxonomy":"category","embeddable":true,"href":"https:\/\/sites.ffkarate.fr\/essonne\/wp-json\/wp\/v2\/categories?post=4658"},{"taxonomy":"post_tag","embeddable":true,"href":"https:\/\/sites.ffkarate.fr\/essonne\/wp-json\/wp\/v2\/tags?post=4658"}],"curies":[{"name":"wp","href":"https:\/\/api.w.org\/{rel}","templated":true}]}}