{"id":4823,"date":"2024-05-21T20:25:28","date_gmt":"2024-05-21T18:25:28","guid":{"rendered":"https:\/\/sites.ffkarate.fr\/essonne\/?p=4823"},"modified":"2024-05-21T20:31:32","modified_gmt":"2024-05-21T18:31:32","slug":"nos-jeunes-arbitres-au-concours-national","status":"publish","type":"post","link":"https:\/\/sites.ffkarate.fr\/essonne\/2024\/05\/21\/nos-jeunes-arbitres-au-concours-national\/","title":{"rendered":"Nos jeunes arbitres au concours National!"},"content":{"rendered":"<div class=\"wpb-content-wrapper\"><p>[vc_row][vc_column][vc_column_text]<span style=\"font-size: large\"><b>Ce week end avait lieu, en marge de la Coupe de France Pupilles \u00e0 Lyon (69), le Concours National Kumite des Jeunes Arbitres. <\/b><\/span><!--more--><\/p>\n<p><span style=\"font-size: large\"><b>Notre d\u00e9partement \u00e9tait repr\u00e9sent\u00e9 par trois jeunes, pr\u00e9alablement s\u00e9lectionn\u00e9s par la r\u00e9gion Ile-de-France,\u00a0<span style=\"color: #0000ff\">Daha\u00a0ASCOFARE<\/span>\u00a0et\u00a0<span style=\"color: #0000ff\">Maewann<\/span>\u00a0de l&rsquo;ES Massy et\u00a0<span style=\"color: #0000ff\">Fathia BELGROUN<\/span>\u00a0du KC Athis-Mons.<\/b><\/span><!--more--><\/p>\n<div><span style=\"font-size: large\"><b>\u00a0<\/b><\/span><\/div>\n<div>\n<p><img decoding=\"async\" class=\"CToWUd a6T\" src=\"https:\/\/mail.google.com\/mail\/u\/0?ui=2&amp;ik=8d3115e028&amp;attid=0.1&amp;permmsgid=msg-a:r-6368199214194241637&amp;th=18f9c648b578c62e&amp;view=fimg&amp;fur=ip&amp;sz=s0-l75-ft&amp;attbid=ANGjdJ_QqKEes2KS3YKN4DTBOdHVgvIk4VU1Aoil2v-L6S_Sc8u5NF7fS8I44PianNJTbLOKQvikJ2S-Ea26XwgjGBUStwVAuIFOxN3aRU-v4SaIlBFblI3AGZVCLQE&amp;disp=emb&amp;realattid=ii_lwgpugot0\" alt=\"IMG-20240519-WA0001.jpg\" width=\"399\" height=\"562\" data-image-whitelisted=\"\" data-bit=\"iit\" \/><\/p>\n<div>\n<div><span style=\"font-size: large\"><b><br \/>\n<\/b><\/span><\/p>\n<div dir=\"auto\"><span style=\"font-size: large\"><b>Nous avons le plaisir de vous annoncer que pour la deuxi\u00e8me ann\u00e9e cons\u00e9cutive, nos jeunes se sont fait remarquer par le jury\u00a0<span style=\"color: #0000ff\">Fathia termine \u00e0 la 1\u00e8re place du concours! Bravo Fathia!<\/span><\/b><\/span><\/div>\n<div dir=\"auto\"><span style=\"font-size: large\"><b><span style=\"color: #0000ff\">\u00a0<\/span><\/b><\/span><\/div>\n<div dir=\"auto\"><b>A noter \u00e9galement\u00a0<span style=\"color: #0000ff\">Lawrence Dragos BRAGA\u00a0<\/span><span style=\"color: #000000\">(Membre du Collectif Essonne Combat)<\/span>\u00a0licenci\u00e9 au Club OKC Dragon Force de Vigneux sur Seine qui arbitre \u00e0 PARIS et q<\/b><span style=\"font-size: large\"><b>ui a r\u00e9ussi\u00a0au concours des jeunes arbitres.<span style=\"color: #0000ff\"><br \/>\n<\/span><\/b><\/span><\/div>\n<div dir=\"auto\"><span style=\"font-size: large\"><b>\u00a0<\/b><\/span><\/div>\n<div dir=\"auto\"><span style=\"font-size: large\"><b>Une nouvelle preuve de la qualit\u00e9 de la formation de nos arbitres d\u00e9partementaux!<\/b><\/span><\/div>\n<div dir=\"auto\"><span style=\"font-size: large\"><b>\u00a0<\/b><\/span><\/div>\n<div dir=\"auto\"><b><span style=\"font-size: large\">Si vos arbitres vous inspirent, rejoignez-nous!<\/span>\u00a0<\/b><\/div>\n<\/div>\n<\/div>\n<\/div>\n<p>[\/vc_column_text][vc_single_image image=\u00a0\u00bb4828&Prime;][\/vc_column][\/vc_row]<\/p>\n<\/div>","protected":false},"excerpt":{"rendered":"<p>[vc_row][vc_column][vc_column_text]Ce week end avait lieu, en marge de la Coupe de France Pupilles \u00e0 Lyon (69), le Concours National Kumite des Jeunes Arbitres.<\/p>\n","protected":false},"author":71,"featured_media":4827,"comment_status":"closed","ping_status":"closed","sticky":false,"template":"","format":"standard","meta":{"footnotes":""},"categories":[8,1],"tags":[],"class_list":["post-4823","post","type-post","status-publish","format-standard","hentry","category-arbitrage","category-non-classe"],"_links":{"self":[{"href":"https:\/\/sites.ffkarate.fr\/essonne\/wp-json\/wp\/v2\/posts\/4823","targetHints":{"allow":["GET"]}}],"collection":[{"href":"https:\/\/sites.ffkarate.fr\/essonne\/wp-json\/wp\/v2\/posts"}],"about":[{"href":"https:\/\/sites.ffkarate.fr\/essonne\/wp-json\/wp\/v2\/types\/post"}],"author":[{"embeddable":true,"href":"https:\/\/sites.ffkarate.fr\/essonne\/wp-json\/wp\/v2\/users\/71"}],"replies":[{"embeddable":true,"href":"https:\/\/sites.ffkarate.fr\/essonne\/wp-json\/wp\/v2\/comments?post=4823"}],"version-history":[{"count":3,"href":"https:\/\/sites.ffkarate.fr\/essonne\/wp-json\/wp\/v2\/posts\/4823\/revisions"}],"predecessor-version":[{"id":4829,"href":"https:\/\/sites.ffkarate.fr\/essonne\/wp-json\/wp\/v2\/posts\/4823\/revisions\/4829"}],"wp:featuredmedia":[{"embeddable":true,"href":"https:\/\/sites.ffkarate.fr\/essonne\/wp-json\/wp\/v2\/media\/4827"}],"wp:attachment":[{"href":"https:\/\/sites.ffkarate.fr\/essonne\/wp-json\/wp\/v2\/media?parent=4823"}],"wp:term":[{"taxonomy":"category","embeddable":true,"href":"https:\/\/sites.ffkarate.fr\/essonne\/wp-json\/wp\/v2\/categories?post=4823"},{"taxonomy":"post_tag","embeddable":true,"href":"https:\/\/sites.ffkarate.fr\/essonne\/wp-json\/wp\/v2\/tags?post=4823"}],"curies":[{"name":"wp","href":"https:\/\/api.w.org\/{rel}","templated":true}]}}