{"id":5268,"date":"2025-06-23T08:28:31","date_gmt":"2025-06-23T06:28:31","guid":{"rendered":"https:\/\/sites.ffkarate.fr\/essonne\/?p=5268"},"modified":"2025-06-23T08:28:51","modified_gmt":"2025-06-23T06:28:51","slug":"de-nouveaux-titres-nationaux","status":"publish","type":"post","link":"https:\/\/sites.ffkarate.fr\/essonne\/2025\/06\/23\/de-nouveaux-titres-nationaux\/","title":{"rendered":"De nouveaux titres nationaux !"},"content":{"rendered":"<div class=\"wpb-content-wrapper\"><p>[vc_row][vc_column][vc_column_text]<\/p>\n<div><span style=\"font-size: large\">Ce week-end a eu lieu l&rsquo;examen national d&rsquo;arbitrage, en marge de la Coupe de France des Corpor<span style=\"font-family: arial, sans-serif\">ations, \u00e0<span style=\"color: #000000\">\u00a0l&rsquo;Arena de B\u00e9thune-Bruay &#8211; Verquin (62).<\/span><\/span><\/span><\/div>\n<p><!--more--><\/p>\n<div><span style=\"font-family: arial, sans-serif\"><span style=\"color: #000000;font-size: large\">Comme chaque ann\u00e9e, nos candidats ont fi\u00e8rement repr\u00e9sent\u00e9 notre d\u00e9partement et quel succ\u00e8s!<\/span><\/span><\/div>\n<div><span style=\"font-family: arial, sans-serif;font-size: large\"><span style=\"color: #000000\">&#8211;\u00a0<\/span><b>Alice GABET<\/b><span style=\"color: #000000\">finalise son parcours national avec la mani\u00e8re, elle obtient son titre d&rsquo;<\/span><b>Arbitre National A Kata<\/b><span style=\"color: #000000\">\u00a0et est\u00a0<\/span><b><span style=\"color: #0000ff\">major de promo<\/span><\/b><span style=\"color: #000000\">\u00a0! Elle obtient le m\u00eame r\u00e9sultat\u00a0<\/span>qu&rsquo;Adel<span style=\"color: #000000\">\u00a0Belgroun qui a b\u00e9n\u00e9fici\u00e9 d&rsquo;une formation solide dans l&rsquo;Essonne a ses d\u00e9buts.<\/span><\/span><\/div>\n<div><span style=\"font-family: arial, sans-serif\"><span style=\"color: #000000;font-size: large\">&#8211;\u00a0<b>Caroline NGOAN(Kaminari Karate CLub)<\/b>\u00a0d\u00e9j\u00e0 Arbitre National B en combat, compl\u00e8te son parcours en obtenant son titre d&rsquo;<b>Arbitre National B en\u00a0 kata<\/b><\/span><\/span><\/div>\n<div><span style=\"font-family: arial, sans-serif\"><span style=\"color: #000000;font-size: large\">&#8211;\u00a0<b>Fathia\u00a0BELGROUN (Kaminari Karate Club)<\/b>\u00a0obtient son premier titre d&rsquo;<b>Arbitre National B en kata<\/b><\/span><\/span><\/div>\n<div><span style=\"font-size: large\">\u00a0<\/span><\/div>\n<div><span style=\"font-size: large\">Nous adressons toutes nos f\u00e9licitations \u00e0 notre trio f\u00e9minin !\u00a0<\/span><\/div>\n<div><span style=\"font-size: large\">\u00a0<\/span><\/div>\n<div><span style=\"font-size: large\">La saison se termine ainsi de la plus belle des mani\u00e8res, nous vous donnons rendez-vous d\u00e8s la rentr\u00e9e pour notre stage d&rsquo;arbitrage annuel dirig\u00e9 par notre responsable d&rsquo;arbitrage\u00a0<b>Guillaume SOUMENAT\u00a0<\/b>et son adjointe\u00a0<b>Aur\u00e9lie CLAVAUD<\/b><\/span><\/div>\n<p>[\/vc_column_text][\/vc_column][\/vc_row]<\/p>\n<\/div>","protected":false},"excerpt":{"rendered":"<p>[vc_row][vc_column][vc_column_text] Ce week-end a eu lieu l&rsquo;examen national d&rsquo;arbitrage, en marge de la Coupe de France des Corporations, \u00e0\u00a0l&rsquo;Arena de B\u00e9thune-Bruay &#8211; Verquin (62).<\/p>\n","protected":false},"author":71,"featured_media":5267,"comment_status":"open","ping_status":"open","sticky":false,"template":"","format":"standard","meta":{"footnotes":""},"categories":[8,1],"tags":[],"class_list":["post-5268","post","type-post","status-publish","format-standard","hentry","category-arbitrage","category-non-classe"],"_links":{"self":[{"href":"https:\/\/sites.ffkarate.fr\/essonne\/wp-json\/wp\/v2\/posts\/5268","targetHints":{"allow":["GET"]}}],"collection":[{"href":"https:\/\/sites.ffkarate.fr\/essonne\/wp-json\/wp\/v2\/posts"}],"about":[{"href":"https:\/\/sites.ffkarate.fr\/essonne\/wp-json\/wp\/v2\/types\/post"}],"author":[{"embeddable":true,"href":"https:\/\/sites.ffkarate.fr\/essonne\/wp-json\/wp\/v2\/users\/71"}],"replies":[{"embeddable":true,"href":"https:\/\/sites.ffkarate.fr\/essonne\/wp-json\/wp\/v2\/comments?post=5268"}],"version-history":[{"count":2,"href":"https:\/\/sites.ffkarate.fr\/essonne\/wp-json\/wp\/v2\/posts\/5268\/revisions"}],"predecessor-version":[{"id":5270,"href":"https:\/\/sites.ffkarate.fr\/essonne\/wp-json\/wp\/v2\/posts\/5268\/revisions\/5270"}],"wp:featuredmedia":[{"embeddable":true,"href":"https:\/\/sites.ffkarate.fr\/essonne\/wp-json\/wp\/v2\/media\/5267"}],"wp:attachment":[{"href":"https:\/\/sites.ffkarate.fr\/essonne\/wp-json\/wp\/v2\/media?parent=5268"}],"wp:term":[{"taxonomy":"category","embeddable":true,"href":"https:\/\/sites.ffkarate.fr\/essonne\/wp-json\/wp\/v2\/categories?post=5268"},{"taxonomy":"post_tag","embeddable":true,"href":"https:\/\/sites.ffkarate.fr\/essonne\/wp-json\/wp\/v2\/tags?post=5268"}],"curies":[{"name":"wp","href":"https:\/\/api.w.org\/{rel}","templated":true}]}}