{"id":1254,"date":"2021-08-13T15:27:22","date_gmt":"2021-08-13T13:27:22","guid":{"rendered":"https:\/\/sites.ffkarate.fr\/eure\/?p=1254"},"modified":"2021-09-02T14:48:32","modified_gmt":"2021-09-02T12:48:32","slug":"le-president-francis-didier-sexprime-sur-la-position-du-cojo","status":"publish","type":"post","link":"https:\/\/sites.ffkarate.fr\/eure\/2021\/08\/13\/le-president-francis-didier-sexprime-sur-la-position-du-cojo\/","title":{"rendered":"Le Pr\u00e9sident Francis Didier s&rsquo;exprime sur la position du COJO&#8230;"},"content":{"rendered":"<div class=\"wpb-content-wrapper\"><p>[vc_row][vc_column][vc_column_text]\u00a0\u00bb&#8230;.<em>Nous tenons \u00e0 rappeler que notre combat ne se porte pas contre ces disciplines ni leurs pratiquants, mais contre la d\u00e9cision de ne pas conserver le karat\u00e9 au programme&#8230;..<\/em><\/p>\n<p><em>Nous continuerons de d\u00e9fendre notre cause, comme Steven le fait, comme nos athl\u00e8tes et nos licenci\u00e9s le font pour que le karat\u00e9 soit \u00e0 Paris 2024&#8230;<\/em><em>\u00ab\u00a0<\/em><strong>pr\u00e9cise-t-il<\/strong><\/p>\n<p style=\"text-align: right\"><a href=\"https:\/\/www.ffkarate.fr\/nous-continuerons-de-defendre-notre-cause-pour-que-le-karate-soit-a-paris-2024\/\" target=\"_blank\" rel=\"noopener\">retrouvez l&rsquo;interview complet\u00a0du Pr\u00e9sident Francis DIDIER<\/a><\/p>\n<p>[\/vc_column_text][\/vc_column][\/vc_row]<\/p>\n<\/div>","protected":false},"excerpt":{"rendered":"<p>[vc_row][vc_column][vc_column_text]\u00a0\u00bb&#8230;.Nous tenons \u00e0 rappeler que notre combat ne se porte pas contre ces disciplines ni leurs pratiquants, mais contre la d\u00e9cision de ne pas conserver le karat\u00e9 au programme&#8230;.. Nous continuerons de d\u00e9fendre notre cause, comme Steven le fait, comme nos athl\u00e8tes et nos licenci\u00e9s le font pour que le karat\u00e9 soit \u00e0 Paris 2024&#8230;\u00ab\u00a0pr\u00e9cise-t-il [&hellip;]<\/p>\n","protected":false},"author":158,"featured_media":1256,"comment_status":"closed","ping_status":"closed","sticky":false,"template":"","format":"standard","meta":{"footnotes":""},"categories":[5,1],"tags":[],"class_list":["post-1254","post","type-post","status-publish","format-standard","hentry","category-actualites","category-non-classe"],"_links":{"self":[{"href":"https:\/\/sites.ffkarate.fr\/eure\/wp-json\/wp\/v2\/posts\/1254","targetHints":{"allow":["GET"]}}],"collection":[{"href":"https:\/\/sites.ffkarate.fr\/eure\/wp-json\/wp\/v2\/posts"}],"about":[{"href":"https:\/\/sites.ffkarate.fr\/eure\/wp-json\/wp\/v2\/types\/post"}],"author":[{"embeddable":true,"href":"https:\/\/sites.ffkarate.fr\/eure\/wp-json\/wp\/v2\/users\/158"}],"replies":[{"embeddable":true,"href":"https:\/\/sites.ffkarate.fr\/eure\/wp-json\/wp\/v2\/comments?post=1254"}],"version-history":[{"count":5,"href":"https:\/\/sites.ffkarate.fr\/eure\/wp-json\/wp\/v2\/posts\/1254\/revisions"}],"predecessor-version":[{"id":1286,"href":"https:\/\/sites.ffkarate.fr\/eure\/wp-json\/wp\/v2\/posts\/1254\/revisions\/1286"}],"wp:featuredmedia":[{"embeddable":true,"href":"https:\/\/sites.ffkarate.fr\/eure\/wp-json\/wp\/v2\/media\/1256"}],"wp:attachment":[{"href":"https:\/\/sites.ffkarate.fr\/eure\/wp-json\/wp\/v2\/media?parent=1254"}],"wp:term":[{"taxonomy":"category","embeddable":true,"href":"https:\/\/sites.ffkarate.fr\/eure\/wp-json\/wp\/v2\/categories?post=1254"},{"taxonomy":"post_tag","embeddable":true,"href":"https:\/\/sites.ffkarate.fr\/eure\/wp-json\/wp\/v2\/tags?post=1254"}],"curies":[{"name":"wp","href":"https:\/\/api.w.org\/{rel}","templated":true}]}}