{"id":679,"date":"2020-06-27T23:33:30","date_gmt":"2020-06-27T21:33:30","guid":{"rendered":"https:\/\/sites.ffkarate.fr\/eure\/?post_type=news&amp;p=679"},"modified":"2020-06-27T23:33:30","modified_gmt":"2020-06-27T21:33:30","slug":"assemblees-generales-ordinaires-electives","status":"publish","type":"post","link":"https:\/\/sites.ffkarate.fr\/eure\/2020\/06\/27\/assemblees-generales-ordinaires-electives\/","title":{"rendered":"R\u00e9sultats Assembl\u00e9es G\u00e9n\u00e9rales Ordinaires Electives"},"content":{"rendered":"<div class=\"wpb-content-wrapper\"><p>[vc_row][vc_column][vc_column_text]<b><a href=\"https:\/\/sites.ffkarate.fr\/eure\/actualites\/assemblees-generales-ordinaires-electives\/2020-06_agoe-27juin2020-wa0004o\/\" rel=\"attachment wp-att-682\"><img decoding=\"async\" class=\"alignleft size-full wp-image-682\" src=\"https:\/\/sites.ffkarate.fr\/eure\/wp-content\/uploads\/sites\/42\/2020\/06\/2020-06_AGOE-27juin2020-WA0004o-e1593296035531.jpg\" alt=\"2020-06_AGOE-27juin2020-WA0004o\" width=\"280\" height=\"210\" \/><\/a><\/b><b>Pour ces assembl\u00e9es, <\/b>39 clubs \u00e9taient pr\u00e9sents,<b> 37 clubs votants pour un total de 114 voix.\u00a0<\/b><\/p>\n<p><span style=\"color: #ff0000\"><b>Assembl\u00e9e G\u00e9n\u00e9rale Elective du <span style=\"color: #000000\">Comit\u00e9 Directeur du D\u00e9partement de L&rsquo;Eure <\/span><\/b><strong>de Karat\u00e9 &amp; Disciplines Associ\u00e9es<\/strong><\/span><br \/>\nLes pr\u00e9sidents ou repr\u00e9sentant de club ont proc\u00e9d\u00e9 au vote pour \u00e9lire les membres du futur Comit\u00e9 Directeur du CDK27 pour pour la prochaine olympiade 2020\/2024.<\/p>\n<p><strong>R\u00e9sultats des votes pour le Comit\u00e9 Directeur du CDK27 (<em>pour \u00eatre r\u00e9\u00e9lu ou \u00e9lu,\u00a0 un nombre de 58 voix \u00e9taient requis<\/em>).\u00a0 Membres\u00a0<\/strong><strong>\u00e9lus d\u00e8s le 1er tour sur\u00a0 9 <a href=\"https:\/\/sites.ffkarate.fr\/eure\/actualites\/assemblees-generales-ordinaires-electives\/2020-06_agoe-27juin2020-wa0003o\/\" rel=\"attachment wp-att-681\"><img decoding=\"async\" class=\"alignleft size-full wp-image-681\" src=\"https:\/\/sites.ffkarate.fr\/eure\/wp-content\/uploads\/sites\/42\/2020\/06\/2020-06_AGOE-27juin2020-WA0003o-e1593296077483.jpg\" alt=\"2020-06_AGOE-27juin2020--WA0003o\" width=\"280\" height=\"210\" \/><\/a>candidats:<\/strong><\/p>\n<ul>\n<li>Patrice THILLIEZ\u00a0r\u00e9\u00e9lu avec 107 voix<\/li>\n<li>Fr\u00e9d\u00e9ric VILLAIN \u00e9lu avec 106 voix<\/li>\n<li>V\u00e9ronique GOUL\u00c9 r\u00e9\u00e9lue avec 97 voix<\/li>\n<li>Edgar DELAUNAY r\u00e9\u00e9lu avec\u00a093 voix<\/li>\n<li><span style=\"text-decoration: underline;color: #800000\">Freddy PAILLARD\u00a0\u00e9lu avec 89 (poste DA)<\/span><\/li>\n<li>Agn\u00e8s GOUDE r\u00e9\u00e9lue avec\u00a073 voix<\/li>\n<li>Monique QUEMIN\u00a0\u00e9lue avec 73 voix<\/li>\n<li>Olivier JAMET \u00e9lu avec\u00a070 voix<\/li>\n<li>Kahina JAMET \u00e9lue avec\u00a063 voix<\/li>\n<\/ul>\n<p>Suite \u00e0 la proposition du Comit\u00e9 Directeur, <strong>Patrice THILLIEZ est r\u00e9\u00e9lu au poste de Pr\u00e9sident du CDK27<\/strong> \u00e0 l&rsquo;unanimit\u00e9 avec 114 voix.<\/p>\n<p>La r\u00e9\u00e9lection du Pr\u00e9sident sortant,<strong>\u00a0Patrice THILLIEZ,<\/strong>\u00a0s&rsquo;inscrit dans la confiance, et la reconnaissance des clubs dans les actions, les missions, et l&rsquo;\u00e9quipe en place ces derni\u00e8res ann\u00e9es.\u00a0La validation de l&rsquo;arriv\u00e9e de nouvelles forces vives sera surement un plus pour progresser\u00a0 et continuer \u00e0 \u00e9voluer durant cette nouvelle olympiade au service de l&rsquo;ensemble des clubs de l&rsquo;Eure.<\/p>\n<p><strong>Les\u00a09 \u00e9lus se r\u00e9uniront\u00a0prochainement pour constituer le\u00a0Bureau Directeur [Vice-Pr\u00e9sident(e), Tr\u00e9sorier(e) et Secr\u00e9taire G\u00e9n\u00e9ral(e)]<\/strong><\/p>\n<p>Le Pr\u00e9sident <strong>Patrice THILLIEZ<\/strong> avec<strong>\u00a0le nouveau Comit\u00e9\u00a0 Directeur du CDK27<\/strong>, remercie tous les repr\u00e9sentants des clubs pour leurs patiences, leurs pr\u00e9sences, leurs disponibilit\u00e9s et leurs confiances.<\/p>\n<p><span style=\"color: #ff0000\"><b>Assembl\u00e9e G\u00e9n\u00e9rale Ordinaire Elective <\/b><strong>pour <span style=\"color: #000000\">les b\u00een\u00f4mes Repr\u00e9sentants des Clubs du CDK27\u00a0<\/span><strong>aux Assembl\u00e9es G\u00e9n\u00e9rales de la FFKDA et de la Ligue R\u00e9gionale de Normandie de la FFKDA.<\/strong><\/strong><\/span><br \/>\nLes pr\u00e9sidents ou repr\u00e9sentant de club ont proc\u00e9d\u00e9 au vote pour \u00e9lire les bin\u00f4mes Repr\u00e9sentant des Clubs du CDK27 pour la prochaine olympiade 2020\/2024.<\/p>\n<p><strong>R\u00e9sultats des votes pour les b\u00een\u00f4mes Repr\u00e9sentants des Clubs du CDK27\u00a0<\/strong><strong>aux Assembl\u00e9es G\u00e9n\u00e9rales de la F\u00e9d\u00e9ration Fran\u00e7aise de Karat\u00e9 &amp; Disciplines Associ\u00e9es.\u00a0<\/strong><strong><span style=\"color: #ff0000\">Bin\u00f4mes F\u00e9d\u00e9raux \u00e9lus<\/span> :<\/strong><\/p>\n<ul>\n<li><strong>Binome 1 <span style=\"color: #808080\">avec 87 voix<\/span> :<\/strong>\n<ul>\n<li><strong>Titulaire :\u00a0Patrice THILLIEZ<\/strong><\/li>\n<li>Suppl\u00e9ant :\u00a0Fr\u00e9d\u00e9ric VILLAIN<\/li>\n<\/ul>\n<\/li>\n<li><strong>Binome\u00a02 <span style=\"color: #808080\">avec 59 voix<\/span> :<\/strong>\n<ul>\n<li><strong>Titulaire : V\u00e9ronique GOUL\u00c9<\/strong><\/li>\n<li>Suppl\u00e9ante :\u00a0St\u00e9phanie INDURAIN<\/li>\n<\/ul>\n<\/li>\n<li><strong>Binome 3 <strong><span style=\"color: #808080\">avec 56 voix<\/span> :<\/strong><\/strong>\n<ul>\n<li><strong>Titulaire : Jocelyn ZAMMIT<\/strong><\/li>\n<li>Suppl\u00e9ant :\u00a0Denis FARIN<\/li>\n<\/ul>\n<\/li>\n<li><strong>Binome 4 <strong><span style=\"color: #808080\">avec 54 voix<\/span> :<\/strong><\/strong>\n<ul>\n<li><strong>Titulaire : Ghislain PAJANIANDY<\/strong><\/li>\n<li>Suppl\u00e9ante :\u00a0Sylvie LATHIERE<\/li>\n<\/ul>\n<\/li>\n<\/ul>\n<p><strong>R\u00e9sultats des votes pour les b\u00een\u00f4mes Repr\u00e9sentants des Clubs du CDK27 aux Assembl\u00e9es G\u00e9n\u00e9rales de la Ligue R\u00e9gionale de Normandie de la FFKDA. <span style=\"color: #ff6600\">Bin\u00f4mes Ligues \u00e9lus<\/span> :<\/strong><\/p>\n<p><strong>les 4 bin\u00f4mes pr\u00e9c\u00e9dents<\/strong>\u00a0<strong>plus<\/strong><\/p>\n<ul>\n<li><strong>Binome 5 <span style=\"color: #808080\">avec\u00a053 voix<\/span> :<\/strong>\n<ul>\n<li><strong>Titulaire :\u00a0Fran\u00e7ois FENELON<\/strong><\/li>\n<li>Suppl\u00e9ant :\u00a0Samuel FENELON<\/li>\n<\/ul>\n<\/li>\n<li><strong>Binome 6 <span style=\"color: #808080\">avec 51 voix<\/span> :<\/strong>\n<ul>\n<li><strong>Titulaire :\u00a0Philippe POSTEL<\/strong><\/li>\n<li>Suppl\u00e9ant :\u00a0Freddy PAILLARD<\/li>\n<\/ul>\n<\/li>\n<\/ul>\n<p>[\/vc_column_text][\/vc_column][\/vc_row]<\/p>\n<\/div>","protected":false},"excerpt":{"rendered":"<p>[vc_row][vc_column][vc_column_text]Pour ces assembl\u00e9es, 39 clubs \u00e9taient pr\u00e9sents, 37 clubs votants pour un total de 114 voix.\u00a0 Assembl\u00e9e G\u00e9n\u00e9rale Elective du Comit\u00e9 Directeur du D\u00e9partement de L&rsquo;Eure de Karat\u00e9 &amp; Disciplines Associ\u00e9es Les pr\u00e9sidents ou repr\u00e9sentant de club ont proc\u00e9d\u00e9 au vote pour \u00e9lire les membres du futur Comit\u00e9 Directeur du CDK27 pour pour la prochaine [&hellip;]<\/p>\n","protected":false},"author":158,"featured_media":683,"comment_status":"closed","ping_status":"closed","sticky":false,"template":"","format":"standard","meta":{"footnotes":""},"categories":[1],"tags":[],"class_list":["post-679","post","type-post","status-publish","format-standard","hentry","category-non-classe"],"_links":{"self":[{"href":"https:\/\/sites.ffkarate.fr\/eure\/wp-json\/wp\/v2\/posts\/679","targetHints":{"allow":["GET"]}}],"collection":[{"href":"https:\/\/sites.ffkarate.fr\/eure\/wp-json\/wp\/v2\/posts"}],"about":[{"href":"https:\/\/sites.ffkarate.fr\/eure\/wp-json\/wp\/v2\/types\/post"}],"author":[{"embeddable":true,"href":"https:\/\/sites.ffkarate.fr\/eure\/wp-json\/wp\/v2\/users\/158"}],"replies":[{"embeddable":true,"href":"https:\/\/sites.ffkarate.fr\/eure\/wp-json\/wp\/v2\/comments?post=679"}],"version-history":[{"count":0,"href":"https:\/\/sites.ffkarate.fr\/eure\/wp-json\/wp\/v2\/posts\/679\/revisions"}],"wp:featuredmedia":[{"embeddable":true,"href":"https:\/\/sites.ffkarate.fr\/eure\/wp-json\/wp\/v2\/media\/683"}],"wp:attachment":[{"href":"https:\/\/sites.ffkarate.fr\/eure\/wp-json\/wp\/v2\/media?parent=679"}],"wp:term":[{"taxonomy":"category","embeddable":true,"href":"https:\/\/sites.ffkarate.fr\/eure\/wp-json\/wp\/v2\/categories?post=679"},{"taxonomy":"post_tag","embeddable":true,"href":"https:\/\/sites.ffkarate.fr\/eure\/wp-json\/wp\/v2\/tags?post=679"}],"curies":[{"name":"wp","href":"https:\/\/api.w.org\/{rel}","templated":true}]}}