{"id":1433,"date":"2016-06-20T15:46:10","date_gmt":"2016-06-20T13:46:10","guid":{"rendered":"https:\/\/sites.ffkarate.fr\/gard\/?post_type=news&amp;p=1433"},"modified":"2016-06-20T15:46:10","modified_gmt":"2016-06-20T13:46:10","slug":"j-p-lavorato","status":"publish","type":"post","link":"https:\/\/sites.ffkarate.fr\/gard\/2016\/06\/20\/j-p-lavorato\/","title":{"rendered":"J.P LAVORATO"},"content":{"rendered":"<div class=\"wpb-content-wrapper\"><p>[vc_row][vc_column][vc_column_text]Les 1.2.3. Juillet 2016, stage d&rsquo;\u00e9t\u00e9 \u00e0 HENDAYE <!--more--><\/p>\n<p><a href=\"https:\/\/sites.ffkarate.fr\/gard\/wp-content\/uploads\/sites\/30\/2016\/06\/stage-d-ete-Hendaye-JPLavorato-1.2.3-juillet-2016.pdf\">stage d ete Hendaye JPLavorato 1.2.3 juillet 2016<\/a>[\/vc_column_text][\/vc_column][\/vc_row]<\/p>\n<\/div>","protected":false},"excerpt":{"rendered":"<p>[vc_row][vc_column][vc_column_text]Les 1.2.3. Juillet 2016, stage d&rsquo;\u00e9t\u00e9 \u00e0 HENDAYE<\/p>\n","protected":false},"author":81,"featured_media":0,"comment_status":"closed","ping_status":"closed","sticky":false,"template":"","format":"standard","meta":{"footnotes":""},"categories":[1],"tags":[],"class_list":["post-1433","post","type-post","status-publish","format-standard","hentry","category-non-classe"],"_links":{"self":[{"href":"https:\/\/sites.ffkarate.fr\/gard\/wp-json\/wp\/v2\/posts\/1433","targetHints":{"allow":["GET"]}}],"collection":[{"href":"https:\/\/sites.ffkarate.fr\/gard\/wp-json\/wp\/v2\/posts"}],"about":[{"href":"https:\/\/sites.ffkarate.fr\/gard\/wp-json\/wp\/v2\/types\/post"}],"author":[{"embeddable":true,"href":"https:\/\/sites.ffkarate.fr\/gard\/wp-json\/wp\/v2\/users\/81"}],"replies":[{"embeddable":true,"href":"https:\/\/sites.ffkarate.fr\/gard\/wp-json\/wp\/v2\/comments?post=1433"}],"version-history":[{"count":0,"href":"https:\/\/sites.ffkarate.fr\/gard\/wp-json\/wp\/v2\/posts\/1433\/revisions"}],"wp:attachment":[{"href":"https:\/\/sites.ffkarate.fr\/gard\/wp-json\/wp\/v2\/media?parent=1433"}],"wp:term":[{"taxonomy":"category","embeddable":true,"href":"https:\/\/sites.ffkarate.fr\/gard\/wp-json\/wp\/v2\/categories?post=1433"},{"taxonomy":"post_tag","embeddable":true,"href":"https:\/\/sites.ffkarate.fr\/gard\/wp-json\/wp\/v2\/tags?post=1433"}],"curies":[{"name":"wp","href":"https:\/\/api.w.org\/{rel}","templated":true}]}}