{"id":2055,"date":"2017-01-24T10:22:55","date_gmt":"2017-01-24T09:22:55","guid":{"rendered":"https:\/\/sites.ffkarate.fr\/gard\/?post_type=news&amp;p=2055"},"modified":"2017-01-24T10:22:55","modified_gmt":"2017-01-24T09:22:55","slug":"appel-benevoles","status":"publish","type":"post","link":"https:\/\/sites.ffkarate.fr\/gard\/2017\/01\/24\/appel-benevoles\/","title":{"rendered":"Appel B\u00e9n\u00e9voles"},"content":{"rendered":"<div class=\"wpb-content-wrapper\"><p>[vc_row][vc_column][vc_column_text]Le d\u00e9partement re\u00e7oit le 11 et 12 f\u00e9vrier prochain, la Coupe de France de Karat\u00e9 Contact et Semi Contact au Parnasse \u00e0 N\u00eemes.<!--more--><br \/>\nLe Pr\u00e9sident W.GRAF et son comit\u00e9 directeur ont besoin de b\u00e9n\u00e9voles, nous sommes toujours en \u00e9tat d&rsquo;urgence, la direction des sports nous demande d&rsquo;installer des barri\u00e8res le long du Parnasse, nous avons besoin \u00ab\u00a0de bras\u00a0\u00bb pour cette manifestation, rendez vous le vendredi 10 f\u00e9vrier \u00e0 14h.<br \/>\nNous avons aussi besoin de personnes pour le samedi et le dimanche pour la s\u00e9curit\u00e9 \u00e0 l&rsquo;int\u00e9rieur du Parnasse.<br \/>\nDes invitations vous seront remises pour vous remercier de votre d\u00e9vouement.<br \/>\nMerci de confirmer par retour de mail votre pr\u00e9sence au secr\u00e9tariat, nous vous remercions d&rsquo;avance.[\/vc_column_text][\/vc_column][\/vc_row]<\/p>\n<\/div>","protected":false},"excerpt":{"rendered":"<p>[vc_row][vc_column][vc_column_text]Le d\u00e9partement re\u00e7oit le 11 et 12 f\u00e9vrier prochain, la Coupe de France de Karat\u00e9 Contact et Semi Contact au Parnasse \u00e0 N\u00eemes.<\/p>\n","protected":false},"author":81,"featured_media":0,"comment_status":"closed","ping_status":"closed","sticky":false,"template":"","format":"standard","meta":{"footnotes":""},"categories":[1],"tags":[],"class_list":["post-2055","post","type-post","status-publish","format-standard","hentry","category-non-classe"],"_links":{"self":[{"href":"https:\/\/sites.ffkarate.fr\/gard\/wp-json\/wp\/v2\/posts\/2055","targetHints":{"allow":["GET"]}}],"collection":[{"href":"https:\/\/sites.ffkarate.fr\/gard\/wp-json\/wp\/v2\/posts"}],"about":[{"href":"https:\/\/sites.ffkarate.fr\/gard\/wp-json\/wp\/v2\/types\/post"}],"author":[{"embeddable":true,"href":"https:\/\/sites.ffkarate.fr\/gard\/wp-json\/wp\/v2\/users\/81"}],"replies":[{"embeddable":true,"href":"https:\/\/sites.ffkarate.fr\/gard\/wp-json\/wp\/v2\/comments?post=2055"}],"version-history":[{"count":0,"href":"https:\/\/sites.ffkarate.fr\/gard\/wp-json\/wp\/v2\/posts\/2055\/revisions"}],"wp:attachment":[{"href":"https:\/\/sites.ffkarate.fr\/gard\/wp-json\/wp\/v2\/media?parent=2055"}],"wp:term":[{"taxonomy":"category","embeddable":true,"href":"https:\/\/sites.ffkarate.fr\/gard\/wp-json\/wp\/v2\/categories?post=2055"},{"taxonomy":"post_tag","embeddable":true,"href":"https:\/\/sites.ffkarate.fr\/gard\/wp-json\/wp\/v2\/tags?post=2055"}],"curies":[{"name":"wp","href":"https:\/\/api.w.org\/{rel}","templated":true}]}}