{"id":2839,"date":"2018-03-19T10:58:16","date_gmt":"2018-03-19T09:58:16","guid":{"rendered":"https:\/\/sites.ffkarate.fr\/gard\/?post_type=news&amp;p=2839"},"modified":"2018-03-19T10:58:16","modified_gmt":"2018-03-19T09:58:16","slug":"campagne-cnds-2018","status":"publish","type":"post","link":"https:\/\/sites.ffkarate.fr\/gard\/2018\/03\/19\/campagne-cnds-2018\/","title":{"rendered":"Campagne CNDS 2018"},"content":{"rendered":"<div class=\"wpb-content-wrapper\"><p>[vc_row][vc_column][vc_column_text]La campagne CNDS 2018 a d\u00e9marr\u00e9, vous trouverez en annexe toutes les informations n\u00e9cessaires afin de pouvoir cr\u00e9er votre dossier.<!--more-->\u00a0Attention vous devez envoyer au secr\u00e9tariat votre demande afin qu&rsquo;il soit valid\u00e9 par le d\u00e9partement avant le 18 Avril 2018. Tous dossiers non transmis au comit\u00e9 ne sera pas valider par la DDCS.<br \/>\nVous trouverez \u00e9galement une information sur la r\u00e9union le mardi 27 Mars de 14h \u00e0 17h, visant l&rsquo;am\u00e9lioration de la sant\u00e9 par l&rsquo;activit\u00e9 physique et sportive pour un public cibl\u00e9.<\/p>\n<p><a href=\"https:\/\/sites.ffkarate.fr\/gard\/wp-content\/uploads\/sites\/46\/2018\/03\/Sport-et-sante-e1521453339428.jpg\"><img decoding=\"async\" class=\"alignnone wp-image-2840 size-medium\" src=\"https:\/\/sites.ffkarate.fr\/gard\/wp-content\/uploads\/sites\/46\/2018\/03\/Sport-et-sante-e1521453339428-212x300.jpg\" alt=\"Sport et sant\u00e9\" width=\"212\" height=\"300\" \/><br \/>\n<\/a><a href=\"https:\/\/sites.ffkarate.fr\/gard\/wp-content\/uploads\/sites\/46\/2018\/03\/Information-pour-les-CLubs-Gardois.pdf\">Information pour les CLubs Gardois<\/a>[\/vc_column_text][\/vc_column][\/vc_row]<\/p>\n<\/div>","protected":false},"excerpt":{"rendered":"<p>[vc_row][vc_column][vc_column_text]La campagne CNDS 2018 a d\u00e9marr\u00e9, vous trouverez en annexe toutes les informations n\u00e9cessaires afin de pouvoir cr\u00e9er votre dossier.<\/p>\n","protected":false},"author":81,"featured_media":0,"comment_status":"closed","ping_status":"closed","sticky":false,"template":"","format":"standard","meta":{"footnotes":""},"categories":[1],"tags":[],"class_list":["post-2839","post","type-post","status-publish","format-standard","hentry","category-non-classe"],"_links":{"self":[{"href":"https:\/\/sites.ffkarate.fr\/gard\/wp-json\/wp\/v2\/posts\/2839","targetHints":{"allow":["GET"]}}],"collection":[{"href":"https:\/\/sites.ffkarate.fr\/gard\/wp-json\/wp\/v2\/posts"}],"about":[{"href":"https:\/\/sites.ffkarate.fr\/gard\/wp-json\/wp\/v2\/types\/post"}],"author":[{"embeddable":true,"href":"https:\/\/sites.ffkarate.fr\/gard\/wp-json\/wp\/v2\/users\/81"}],"replies":[{"embeddable":true,"href":"https:\/\/sites.ffkarate.fr\/gard\/wp-json\/wp\/v2\/comments?post=2839"}],"version-history":[{"count":0,"href":"https:\/\/sites.ffkarate.fr\/gard\/wp-json\/wp\/v2\/posts\/2839\/revisions"}],"wp:attachment":[{"href":"https:\/\/sites.ffkarate.fr\/gard\/wp-json\/wp\/v2\/media?parent=2839"}],"wp:term":[{"taxonomy":"category","embeddable":true,"href":"https:\/\/sites.ffkarate.fr\/gard\/wp-json\/wp\/v2\/categories?post=2839"},{"taxonomy":"post_tag","embeddable":true,"href":"https:\/\/sites.ffkarate.fr\/gard\/wp-json\/wp\/v2\/tags?post=2839"}],"curies":[{"name":"wp","href":"https:\/\/api.w.org\/{rel}","templated":true}]}}