{"id":3503,"date":"2018-11-19T12:52:56","date_gmt":"2018-11-19T11:52:56","guid":{"rendered":"https:\/\/sites.ffkarate.fr\/gard\/?post_type=news&amp;p=3503"},"modified":"2018-11-19T12:52:56","modified_gmt":"2018-11-19T11:52:56","slug":"stage-j-f-tisseyre-2","status":"publish","type":"post","link":"https:\/\/sites.ffkarate.fr\/gard\/2018\/11\/19\/stage-j-f-tisseyre-2\/","title":{"rendered":"STAGE J.F TISSEYRE"},"content":{"rendered":"<div class=\"wpb-content-wrapper\"><p>[vc_row][vc_column][vc_column_text]Le Comit\u00e9 vous propose \u00e0 la fin du stage de J.F TISSEYRE, dimanche 25 Novembre,au Dojo de Marguerittes<!--more--> d&rsquo;apporter un repas tir\u00e9 du sac afin de partager un moment convivial tous ensemble. Licence 2018.2019 OBLIGATOIRE[\/vc_column_text][\/vc_column][\/vc_row]<\/p>\n<\/div>","protected":false},"excerpt":{"rendered":"<p>[vc_row][vc_column][vc_column_text]Le Comit\u00e9 vous propose \u00e0 la fin du stage de J.F TISSEYRE, dimanche 25 Novembre,au Dojo de Marguerittes<\/p>\n","protected":false},"author":81,"featured_media":0,"comment_status":"closed","ping_status":"closed","sticky":false,"template":"","format":"standard","meta":{"footnotes":""},"categories":[1],"tags":[],"class_list":["post-3503","post","type-post","status-publish","format-standard","hentry","category-non-classe"],"_links":{"self":[{"href":"https:\/\/sites.ffkarate.fr\/gard\/wp-json\/wp\/v2\/posts\/3503","targetHints":{"allow":["GET"]}}],"collection":[{"href":"https:\/\/sites.ffkarate.fr\/gard\/wp-json\/wp\/v2\/posts"}],"about":[{"href":"https:\/\/sites.ffkarate.fr\/gard\/wp-json\/wp\/v2\/types\/post"}],"author":[{"embeddable":true,"href":"https:\/\/sites.ffkarate.fr\/gard\/wp-json\/wp\/v2\/users\/81"}],"replies":[{"embeddable":true,"href":"https:\/\/sites.ffkarate.fr\/gard\/wp-json\/wp\/v2\/comments?post=3503"}],"version-history":[{"count":0,"href":"https:\/\/sites.ffkarate.fr\/gard\/wp-json\/wp\/v2\/posts\/3503\/revisions"}],"wp:attachment":[{"href":"https:\/\/sites.ffkarate.fr\/gard\/wp-json\/wp\/v2\/media?parent=3503"}],"wp:term":[{"taxonomy":"category","embeddable":true,"href":"https:\/\/sites.ffkarate.fr\/gard\/wp-json\/wp\/v2\/categories?post=3503"},{"taxonomy":"post_tag","embeddable":true,"href":"https:\/\/sites.ffkarate.fr\/gard\/wp-json\/wp\/v2\/tags?post=3503"}],"curies":[{"name":"wp","href":"https:\/\/api.w.org\/{rel}","templated":true}]}}