{"id":3963,"date":"2026-08-23T14:36:29","date_gmt":"2026-08-23T12:36:29","guid":{"rendered":"https:\/\/sites.ffkarate.fr\/gironde\/?p=3963"},"modified":"2026-08-23T14:38:40","modified_gmt":"2026-08-23T12:38:40","slug":"nouveaute-paiement-cdk33","status":"publish","type":"post","link":"https:\/\/sites.ffkarate.fr\/gironde\/2026\/08\/23\/nouveaute-paiement-cdk33\/","title":{"rendered":"Nouveaut\u00e9 paiement CDK33"},"content":{"rendered":"<div class=\"wpb-content-wrapper\"><p>[vc_row][vc_column][vc_column_text]<\/p>\n<div class=\"xdj266r x14z9mp xat24cr x1lziwak x1vvkbs x126k92a\">\n<div dir=\"auto\"><span class=\"html-span xexx8yu xyri2b x18d9i69 x1c1uobl x1hl2dhg x16tdsg8 x1vvkbs x3nfvp2 x1j61x8r x1fcty0u xdj266r xat24cr xm2jcoa x1mpyi22 xxymvpz xlup9mm x1kky2od\"><img decoding=\"async\" class=\"xz74otr x15mokao x1ga7v0g x16uus16 xbiv7yw\" src=\"https:\/\/static.xx.fbcdn.net\/images\/emoji.php\/v9\/tdc\/1\/16\/26a0.png\" alt=\"\u26a0\ufe0f\" width=\"16\" height=\"16\" \/><\/span> Information importante \u2013 Paiements<\/div>\n<\/div>\n<div class=\"x14z9mp xat24cr x1lziwak x1vvkbs xtlvy1s x126k92a\">\n<div dir=\"auto\">Suite aux recommandations de notre cabinet comptable et en raison d&rsquo;une recrudescence des ch\u00e8ques impay\u00e9s, le Comit\u00e9 D\u00e9partemental de Karat\u00e9 de la Gironde n&rsquo;acceptera d\u00e9sormais plus aucun r\u00e8glement par ch\u00e8que.<\/div>\n<\/div>\n<div class=\"x14z9mp xat24cr x1lziwak x1vvkbs xtlvy1s x126k92a\">\n<div dir=\"auto\">Cette mesure s&rsquo;applique \u00e0 l&rsquo;ensemble des prestations propos\u00e9es par le Comit\u00e9 D\u00e9partemental, notamment :<\/div>\n<\/div>\n<div class=\"x14z9mp xat24cr x1lziwak x1vvkbs xtlvy1s x126k92a\">\n<div dir=\"auto\">* Les inscriptions aux comp\u00e9titions ;<\/div>\n<div dir=\"auto\">* Les inscriptions aux passages de grade;<\/div>\n<div dir=\"auto\">* Les formations;<\/div>\n<div dir=\"auto\">* Les passeports sportifs;<\/div>\n<div dir=\"auto\">* Les cotisations;<\/div>\n<div dir=\"auto\">* Les stages d\u00e9partementaux.<\/div>\n<\/div>\n<div class=\"x14z9mp xat24cr x1lziwak x1vvkbs xtlvy1s x126k92a\">\n<div dir=\"auto\">Les r\u00e8glements pourront d\u00e9sormais \u00eatre effectu\u00e9s en ligne via la plateforme HelloAsso, \u00e0 l&rsquo;aide des liens de paiement communiqu\u00e9s par le Comit\u00e9 D\u00e9partemental.<\/div>\n<\/div>\n<div class=\"x14z9mp xat24cr x1lziwak x1vvkbs xtlvy1s x126k92a\">\n<div dir=\"auto\">Conform\u00e9ment \u00e0 l&rsquo;article L113-3 du Code de la consommation, les modalit\u00e9s de paiement accept\u00e9es sont port\u00e9es \u00e0 la connaissance des usagers.<\/div>\n<\/div>\n<div class=\"x14z9mp xat24cr x1lziwak x1vvkbs xtlvy1s x126k92a\">\n<div dir=\"auto\">Cette disposition sera int\u00e9gr\u00e9e officiellement aux statuts du Comit\u00e9 D\u00e9partemental et soumise \u00e0 l&rsquo;approbation de la prochaine Assembl\u00e9e G\u00e9n\u00e9rale.<\/div>\n<\/div>\n<div class=\"x14z9mp xat24cr x1lziwak x1vvkbs xtlvy1s x126k92a\">\n<div dir=\"auto\">Nous vous remercions de votre compr\u00e9hension.<\/div>\n<\/div>\n<p>[\/vc_column_text][\/vc_column][\/vc_row]<\/p>\n<\/div>","protected":false},"excerpt":{"rendered":"<p>[vc_row][vc_column][vc_column_text] Information importante \u2013 Paiements Suite aux recommandations de notre cabinet comptable et en raison d&rsquo;une recrudescence des ch\u00e8ques impay\u00e9s, le Comit\u00e9 D\u00e9partemental de Karat\u00e9 de la Gironde n&rsquo;acceptera d\u00e9sormais plus aucun r\u00e8glement par ch\u00e8que. Cette mesure s&rsquo;applique \u00e0 l&rsquo;ensemble des prestations propos\u00e9es par le Comit\u00e9 D\u00e9partemental, notamment : * Les inscriptions aux comp\u00e9titions ; [&hellip;]<\/p>\n","protected":false},"author":116,"featured_media":0,"comment_status":"closed","ping_status":"open","sticky":true,"template":"","format":"standard","meta":{"footnotes":""},"categories":[5],"tags":[],"class_list":["post-3963","post","type-post","status-publish","format-standard","hentry","category-actualites"],"_links":{"self":[{"href":"https:\/\/sites.ffkarate.fr\/gironde\/wp-json\/wp\/v2\/posts\/3963","targetHints":{"allow":["GET"]}}],"collection":[{"href":"https:\/\/sites.ffkarate.fr\/gironde\/wp-json\/wp\/v2\/posts"}],"about":[{"href":"https:\/\/sites.ffkarate.fr\/gironde\/wp-json\/wp\/v2\/types\/post"}],"author":[{"embeddable":true,"href":"https:\/\/sites.ffkarate.fr\/gironde\/wp-json\/wp\/v2\/users\/116"}],"replies":[{"embeddable":true,"href":"https:\/\/sites.ffkarate.fr\/gironde\/wp-json\/wp\/v2\/comments?post=3963"}],"version-history":[{"count":2,"href":"https:\/\/sites.ffkarate.fr\/gironde\/wp-json\/wp\/v2\/posts\/3963\/revisions"}],"predecessor-version":[{"id":3965,"href":"https:\/\/sites.ffkarate.fr\/gironde\/wp-json\/wp\/v2\/posts\/3963\/revisions\/3965"}],"wp:attachment":[{"href":"https:\/\/sites.ffkarate.fr\/gironde\/wp-json\/wp\/v2\/media?parent=3963"}],"wp:term":[{"taxonomy":"category","embeddable":true,"href":"https:\/\/sites.ffkarate.fr\/gironde\/wp-json\/wp\/v2\/categories?post=3963"},{"taxonomy":"post_tag","embeddable":true,"href":"https:\/\/sites.ffkarate.fr\/gironde\/wp-json\/wp\/v2\/tags?post=3963"}],"curies":[{"name":"wp","href":"https:\/\/api.w.org\/{rel}","templated":true}]}}