{"id":3685,"date":"2019-11-25T08:04:50","date_gmt":"2019-11-25T07:04:50","guid":{"rendered":"https:\/\/sites.ffkarate.fr\/grandest\/?post_type=news&amp;p=3685"},"modified":"2019-11-25T08:04:50","modified_gmt":"2019-11-25T07:04:50","slug":"examen-darbitrage-national-kata","status":"publish","type":"post","link":"https:\/\/sites.ffkarate.fr\/grandest\/2019\/11\/25\/examen-darbitrage-national-kata\/","title":{"rendered":"Examen d&rsquo;arbitrage national kata B"},"content":{"rendered":"<div class=\"wpb-content-wrapper\"><p>[vc_row][vc_column][vc_column_text]<del><\/del>L&rsquo;examen d&rsquo;arbitrage national kata B s&rsquo;est d\u00e9roul\u00e9 les 23 et 24 novembre 2019 en marge de la coupe de France kata \u00e0 Saint Quentin.\u00a0Cinq\u00a0arbitres de la ligue r\u00e9gionale Grand-Est se sont pr\u00e9sent\u00e9s pour obtenir ce titre national. Deux ont \u00e9t\u00e9 re\u00e7us, il s\u2019agit d&rsquo;<strong>Imana Kallouche de l&rsquo;USLM Mont Saint Martin (54) et d&rsquo;Anthony Dominguez d&rsquo;Esp\u00e9rance 1893, karat\u00e9 Mulhouse (68)<\/strong>.<\/p>\n<p>F\u00e9licitations \u00e0 tous et tous nos voeux de pers\u00e9v\u00e9rance et d&rsquo;encouragement pour les arbitres qui n&rsquo;ont pu obtenir le titre.<\/p>\n<div id=\"attachment_3683\" style=\"width: 235px\" class=\"wp-caption alignnone\"><a href=\"https:\/\/sites.ffkarate.fr\/grandest\/wp-content\/uploads\/sites\/112\/2019\/11\/Imana-Kallouche-et-Anthony-Dominguez.jpeg\"><img decoding=\"async\" aria-describedby=\"caption-attachment-3683\" class=\"size-medium wp-image-3683\" src=\"https:\/\/sites.ffkarate.fr\/grandest\/wp-content\/uploads\/sites\/112\/2019\/11\/Imana-Kallouche-et-Anthony-Dominguez-225x300.jpeg\" alt=\"Examen national Kata Imana Kallouche et Anthony Dominguez\" width=\"225\" height=\"300\" \/><\/a><p id=\"caption-attachment-3683\" class=\"wp-caption-text\">Examen national Kata<br \/>Imana Kallouche et Anthony Dominguez<\/p><\/div>[\/vc_column_text][\/vc_column][\/vc_row]<\/p>\n<\/div>","protected":false},"excerpt":{"rendered":"<p>[vc_row][vc_column][vc_column_text]L&rsquo;examen d&rsquo;arbitrage national kata B s&rsquo;est d\u00e9roul\u00e9 les 23 et 24 novembre 2019 en marge de la coupe de France kata \u00e0 Saint Quentin.\u00a0Cinq\u00a0arbitres de la ligue r\u00e9gionale Grand-Est se sont pr\u00e9sent\u00e9s pour obtenir ce titre national. Deux ont \u00e9t\u00e9 re\u00e7us, il s\u2019agit d&rsquo;Imana Kallouche de l&rsquo;USLM Mont Saint Martin (54) et d&rsquo;Anthony Dominguez d&rsquo;Esp\u00e9rance [&hellip;]<\/p>\n","protected":false},"author":107,"featured_media":0,"comment_status":"closed","ping_status":"closed","sticky":false,"template":"","format":"standard","meta":{"footnotes":""},"categories":[1],"tags":[],"class_list":["post-3685","post","type-post","status-publish","format-standard","hentry","category-non-classe"],"_links":{"self":[{"href":"https:\/\/sites.ffkarate.fr\/grandest\/wp-json\/wp\/v2\/posts\/3685","targetHints":{"allow":["GET"]}}],"collection":[{"href":"https:\/\/sites.ffkarate.fr\/grandest\/wp-json\/wp\/v2\/posts"}],"about":[{"href":"https:\/\/sites.ffkarate.fr\/grandest\/wp-json\/wp\/v2\/types\/post"}],"author":[{"embeddable":true,"href":"https:\/\/sites.ffkarate.fr\/grandest\/wp-json\/wp\/v2\/users\/107"}],"replies":[{"embeddable":true,"href":"https:\/\/sites.ffkarate.fr\/grandest\/wp-json\/wp\/v2\/comments?post=3685"}],"version-history":[{"count":0,"href":"https:\/\/sites.ffkarate.fr\/grandest\/wp-json\/wp\/v2\/posts\/3685\/revisions"}],"wp:attachment":[{"href":"https:\/\/sites.ffkarate.fr\/grandest\/wp-json\/wp\/v2\/media?parent=3685"}],"wp:term":[{"taxonomy":"category","embeddable":true,"href":"https:\/\/sites.ffkarate.fr\/grandest\/wp-json\/wp\/v2\/categories?post=3685"},{"taxonomy":"post_tag","embeddable":true,"href":"https:\/\/sites.ffkarate.fr\/grandest\/wp-json\/wp\/v2\/tags?post=3685"}],"curies":[{"name":"wp","href":"https:\/\/api.w.org\/{rel}","templated":true}]}}