{"id":6253,"date":"2023-02-23T20:54:11","date_gmt":"2023-02-23T19:54:11","guid":{"rendered":"https:\/\/sites.ffkarate.fr\/grandest\/?p=6253"},"modified":"2023-03-22T21:03:54","modified_gmt":"2023-03-22T20:03:54","slug":"journee-des-droits-des-femmes-dimanche-5-mars-illkirch-graffenstaden","status":"publish","type":"post","link":"https:\/\/sites.ffkarate.fr\/grandest\/2023\/02\/23\/journee-des-droits-des-femmes-dimanche-5-mars-illkirch-graffenstaden\/","title":{"rendered":"Journ\u00e9e des droits des femmes &#8211; Dimanche 5 mars &#8211; Illkirch-Graffenstaden"},"content":{"rendered":"<div class=\"wpb-content-wrapper\"><p>[vc_row][vc_column][vc_column_text]<\/p>\n<div class=\"x11i5rnm xat24cr x1mh8g0r x1vvkbs xdj266r x126k92a\">\n<div dir=\"auto\">\n<p>Le dimanche 5 mars 2023 a \u00e9t\u00e9 organis\u00e9 un stage r\u00e9unissant 250 participants pour soutenir la journ\u00e9e internationale de lutte pour les droits des femmes en Alsace avec Laurence Belrhiti, Repr\u00e9sentante Nationale Body Karat\u00e9<\/p>\n<p>La matin\u00e9e s\u2019est d\u00e9roul\u00e9e comme suit :<\/p>\n<p>De 9h00 \u00e0 10h30 : Conf\u00e9rence sur tous les sujets d\u2019actualit\u00e9s avec pour th\u00e8me principal \u00ab l\u2019impact des r\u00e9seaux sociaux sur l\u2019\u00e9volution des droits des femmes et le cyberharc\u00e8lement \u00bb<\/p>\n<p>Etaient pr\u00e9sents lors de cette conf\u00e9rence :<\/p>\n<p>\u2713 Le maire d\u2019Illkirch (Thibault Philipps) et son adjoint charg\u00e9 des sports (Yvon Richard)<\/p>\n<p>\u2713 Catherine Belrhiti, S\u00e9natrice de la Moselle et Conseill\u00e8re R\u00e9gionale, Pr\u00e9sidente de la commission Lyc\u00e9e Durable et \u00c9ducation de la R\u00e9gion Grand Est, Double Championne du monde de karat\u00e9 combat, Titulaire de la L\u00e9gion d&rsquo;Honneur<\/p>\n<p>\u2713 Ma\u00eetre Ana\u00efs Fuchs &#8211; d\u00e9l\u00e9gataire du B\u00e2tonnier de STRASBOURG. Pr\u00e9sidente de la Commission p\u00e9nale et de la Commission Mineurs du Barreau de Strasbourg et Membre du Conseil de l&rsquo;Ordre.<\/p>\n<p>\u2713 Ma\u00eetre Camille Wolgemuth &#8211; Avocate en droit de la famille et en droits des victimes et du pr\u00e9judice corporel. Engag\u00e9e et repr\u00e9sentante du centre d&rsquo;information sur les droits des femmes et des familles (CIDFF)<\/p>\n<p>\u2713 Repr\u00e9sentants et Experts en mati\u00e8re de Cyber-harc\u00e8lement et R\u00e9seaux sociaux (Cellules sp\u00e9cialis\u00e9es en la mati\u00e8re, repr\u00e9sentants des services de Police et Cybercriminalit\u00e9)<\/p>\n<p>\u2713 Association \u00a0\u00bb Ru Elles \u00a0\u00bb qui lutte contre le harc\u00e8lement de rue et \u00e9labore des partenariats avec les commer\u00e7ants de Strasbourg pour aider les femmes en situation de danger dans la rue.<\/p>\n<p>\u2713 Association \u00ab\u00a0Visages de femmes\u00a0\u00bb qui participe activement \u00e0 la cr\u00e9ation d&rsquo;\u00e9v\u00e8nements mettant \u00e0 l&rsquo;honneur les femmes<\/p>\n<p>\u2713 T\u00e9moignages en direct de victimes pour lib\u00e9rer la parole et aider un maximum de monde<\/p>\n<p>&nbsp;<\/p>\n<p>Retours de la part des stagiaires : Sujet vraiment d\u2019actualit\u00e9, interventions vari\u00e9es entre la justice (via les avocates), le monde associatif, le gouvernement (via le S\u00e9nat et la mairie) et l\u2019intervention des services de police et de cybercriminalit\u00e9. De nombreuses mamans sont venues encourager le fait de sensibiliser au cyberharc\u00e8lement d\u00e8s le plus jeune \u00e2ge et elles \u00e9taient ravies d\u2019apprendre des choses en pr\u00e9sence de leurs filles.<\/p>\n<p>&nbsp;<\/p>\n<p>De 10h30 \u00e0 12h00 : Ateliers sportifs et d\u00e9monstrations surprises<\/p>\n<p>\u2713 Atelier Yoga Pilates en \u00e9chauffement<\/p>\n<p>\u2713 D\u00e9monstration de Twirling<\/p>\n<p>\u2713 Atelier Body Karat\u00e9 et d\u00e9monstration avec 60 personnes<\/p>\n<p>\u2713 Atelier Boxe fran\u00e7aise avec une polici\u00e8re sp\u00e9cialis\u00e9e puis d\u00e9monstration d\u2019un combat de boxe entre deux femmes<\/p>\n<p>Pot de fin de stage offert.<\/p>\n<p>Projet : faire de cette matin\u00e9e un rendez-vous annuel comme les courses contre le cancer ou octobre rose &#8230; Le concept fonctionne tr\u00e8s bien et la ville d\u2019Illkirch est d\u00e9j\u00e0 vivement int\u00e9ress\u00e9e pour en faire un \u00e9v\u00e8nement officiel annuel de la ville.<\/p>\n<\/div>\n<div dir=\"auto\"><\/div>\n<div dir=\"auto\"><\/div>\n<div dir=\"auto\">Dimanche 5 mars &#8211; 9h \u00e0 12h <span class=\"x3nfvp2 x1j61x8r x1fcty0u xdj266r xhhsvwb xat24cr xgzva0m xxymvpz xlup9mm x1kky2od\"><img decoding=\"async\" src=\"https:\/\/static.xx.fbcdn.net\/images\/emoji.php\/v9\/t61\/1.5\/16\/1f1e8_1f1f5.png\" alt=\"\ud83c\udde8\ud83c\uddf5\" width=\"16\" height=\"16\" \/><\/span><span class=\"x3nfvp2 x1j61x8r x1fcty0u xdj266r xhhsvwb xat24cr xgzva0m xxymvpz xlup9mm x1kky2od\"><img decoding=\"async\" src=\"https:\/\/static.xx.fbcdn.net\/images\/emoji.php\/v9\/tbb\/1.5\/16\/23f0.png\" alt=\"\u23f0\" width=\"16\" height=\"16\" \/><\/span><span class=\"x3nfvp2 x1j61x8r x1fcty0u xdj266r xhhsvwb xat24cr xgzva0m xxymvpz xlup9mm x1kky2od\"><img decoding=\"async\" src=\"https:\/\/static.xx.fbcdn.net\/images\/emoji.php\/v9\/t17\/1.5\/16\/1f94a.png\" alt=\"\ud83e\udd4a\" width=\"16\" height=\"16\" \/><\/span><span class=\"x3nfvp2 x1j61x8r x1fcty0u xdj266r xhhsvwb xat24cr xgzva0m xxymvpz xlup9mm x1kky2od\"><img decoding=\"async\" src=\"https:\/\/static.xx.fbcdn.net\/images\/emoji.php\/v9\/t16\/1.5\/16\/1f4a2.png\" alt=\"\ud83d\udca2\" width=\"16\" height=\"16\" \/><\/span><\/div>\n<div dir=\"auto\">3e \u00c9dition de la Journ\u00e9e des Droits des Femmes \u00e0 <a class=\"x1i10hfl xjbqb8w x6umtig x1b1mbwd xaqea5y xav7gou x9f619 x1ypdohk xt0psk2 xe8uvvx xdj266r x11i5rnm xat24cr x1mh8g0r xexx8yu x4uap5 x18d9i69 xkhd6sd x16tdsg8 x1hl2dhg xggy1nq x1a2a7pz xt0b8zv x1qq9wsj xo1l8bm\" role=\"link\" href=\"https:\/\/www.facebook.com\/illkirch.graffenstaden\/?__cft__[0]=AZX7S0gnYS6qiVeLyW1F-cQ2rlZuA833tutvsdw4naq6j_ZnIvWbhJl8WE-d7d58rwnYFzwRDsUiCnm3Pycsn6zuFHQZz3HBM6oWQzDG-LsfCttnVAzqx1jPezTmEqsS3z4Wysfm3eWK-6AR5q13ljfX&amp;__tn__=kK-R\" target=\"_blank\" rel=\"noopener\"><span class=\"xt0psk2\">Ville d&rsquo;Illkirch-Graffenstaden<\/span><\/a> au LIXENBUHL <span class=\"x3nfvp2 x1j61x8r x1fcty0u xdj266r xhhsvwb xat24cr xgzva0m xxymvpz xlup9mm x1kky2od\"><img decoding=\"async\" src=\"https:\/\/static.xx.fbcdn.net\/images\/emoji.php\/v9\/tc6\/1.5\/16\/1f973.png\" alt=\"\ud83e\udd73\" width=\"16\" height=\"16\" \/><\/span><span class=\"x3nfvp2 x1j61x8r x1fcty0u xdj266r xhhsvwb xat24cr xgzva0m xxymvpz xlup9mm x1kky2od\"><img decoding=\"async\" src=\"https:\/\/static.xx.fbcdn.net\/images\/emoji.php\/v9\/ta9\/1.5\/16\/1f525.png\" alt=\"\ud83d\udd25\" width=\"16\" height=\"16\" \/><\/span><\/div>\n<\/div>\n<div class=\"x11i5rnm xat24cr x1mh8g0r x1vvkbs xtlvy1s x126k92a\">\n<div dir=\"auto\"><\/div>\n<div dir=\"auto\">\u00a0\u00bb MA FILLE, BATS TOI POUR TON AVENIR !\u00a0\u00bb<\/div>\n<div dir=\"auto\"><\/div>\n<div dir=\"auto\">En partenariat avec la <a class=\"x1i10hfl xjbqb8w x6umtig x1b1mbwd xaqea5y xav7gou x9f619 x1ypdohk xt0psk2 xe8uvvx xdj266r x11i5rnm xat24cr x1mh8g0r xexx8yu x4uap5 x18d9i69 xkhd6sd x16tdsg8 x1hl2dhg xggy1nq x1a2a7pz xt0b8zv x1qq9wsj xo1l8bm\" role=\"link\" href=\"https:\/\/www.facebook.com\/grandestkarate?__cft__[0]=AZX7S0gnYS6qiVeLyW1F-cQ2rlZuA833tutvsdw4naq6j_ZnIvWbhJl8WE-d7d58rwnYFzwRDsUiCnm3Pycsn6zuFHQZz3HBM6oWQzDG-LsfCttnVAzqx1jPezTmEqsS3z4Wysfm3eWK-6AR5q13ljfX&amp;__tn__=-]K-R\" target=\"_blank\" rel=\"noopener\"><span class=\"xt0psk2\">Ligue r\u00e9gionale Grand Est de karat\u00e9 et disciplines associ\u00e9es<\/span><\/a> et le <a class=\"x1i10hfl xjbqb8w x6umtig x1b1mbwd xaqea5y xav7gou x9f619 x1ypdohk xt0psk2 xe8uvvx xdj266r x11i5rnm xat24cr x1mh8g0r xexx8yu x4uap5 x18d9i69 xkhd6sd x16tdsg8 x1hl2dhg xggy1nq x1a2a7pz xt0b8zv x1qq9wsj xo1l8bm\" role=\"link\" href=\"https:\/\/www.facebook.com\/CDK67?__cft__[0]=AZX7S0gnYS6qiVeLyW1F-cQ2rlZuA833tutvsdw4naq6j_ZnIvWbhJl8WE-d7d58rwnYFzwRDsUiCnm3Pycsn6zuFHQZz3HBM6oWQzDG-LsfCttnVAzqx1jPezTmEqsS3z4Wysfm3eWK-6AR5q13ljfX&amp;__tn__=-]K-R\" target=\"_blank\" rel=\"noopener\"><span class=\"xt0psk2\">CDK 67<\/span><\/a><\/div>\n<div dir=\"auto\"><\/div>\n<\/div>\n<div class=\"x11i5rnm xat24cr x1mh8g0r x1vvkbs xtlvy1s x126k92a\">\n<div dir=\"auto\"><span class=\"x3nfvp2 x1j61x8r x1fcty0u xdj266r xhhsvwb xat24cr xgzva0m xxymvpz xlup9mm x1kky2od\"><img decoding=\"async\" src=\"https:\/\/static.xx.fbcdn.net\/images\/emoji.php\/v9\/tba\/1.5\/16\/2705.png\" alt=\"\u2705\" width=\"16\" height=\"16\" \/><\/span> Conf\u00e9rence sur de NOUVEAUX th\u00e8mes d&rsquo;actualit\u00e9s : Cyber-harc\u00e8lement \/ Impact des r\u00e9seaux sociaux \/ Harc\u00e8lement scolaire et pr\u00e9vention \/ Place des femmes dans le monde du sport (f\u00e9minisation, Stigmatisation, Rapport coach-\u00e9l\u00e8ve, rapport au corps et paradoxe) \/ Violences sexuelles (D\u00e9tection, Pr\u00e9vention, Sensibilisation parents &#8211; enfants)<\/div>\n<div dir=\"auto\"><\/div>\n<div dir=\"auto\"><span class=\"x3nfvp2 x1j61x8r x1fcty0u xdj266r xhhsvwb xat24cr xgzva0m xxymvpz xlup9mm x1kky2od\"><img decoding=\"async\" src=\"https:\/\/static.xx.fbcdn.net\/images\/emoji.php\/v9\/t17\/1.5\/16\/1f94a.png\" alt=\"\ud83e\udd4a\" width=\"16\" height=\"16\" \/><\/span>En pr\u00e9sence d&rsquo;experts, juristes, associations et personnalit\u00e9s politiques locales<\/div>\n<div dir=\"auto\"><\/div>\n<\/div>\n<div class=\"x11i5rnm xat24cr x1mh8g0r x1vvkbs xtlvy1s x126k92a\">\n<div dir=\"auto\"><span class=\"x3nfvp2 x1j61x8r x1fcty0u xdj266r xhhsvwb xat24cr xgzva0m xxymvpz xlup9mm x1kky2od\"><img decoding=\"async\" src=\"https:\/\/static.xx.fbcdn.net\/images\/emoji.php\/v9\/tba\/1.5\/16\/2705.png\" alt=\"\u2705\" width=\"16\" height=\"16\" \/><\/span> Ateliers sportifs GRATUITS ET OUVERTS \u00c0 TOUTES ET TOUS (\u00e0 partir de 10 ans)<\/div>\n<div dir=\"auto\">Body Karat\u00e9 \/ Self-D\u00e9fense \/ Yoga et d&rsquo;autres activit\u00e9s SURPRISES + Des D\u00c9MONSTRATIONS SURPRISES<\/div>\n<div dir=\"auto\"><\/div>\n<\/div>\n<div class=\"x11i5rnm xat24cr x1mh8g0r x1vvkbs xtlvy1s x126k92a\">\n<div dir=\"auto\"><span class=\"x3nfvp2 x1j61x8r x1fcty0u xdj266r xhhsvwb xat24cr xgzva0m xxymvpz xlup9mm x1kky2od\"><img decoding=\"async\" src=\"https:\/\/static.xx.fbcdn.net\/images\/emoji.php\/v9\/tba\/1.5\/16\/2705.png\" alt=\"\u2705\" width=\"16\" height=\"16\" \/><\/span> Un pot offert \u00e0 la fin du stage pour finir cet \u00e9v\u00e8nement de solidarit\u00e9 ENSEMBLE <span class=\"x3nfvp2 x1j61x8r x1fcty0u xdj266r xhhsvwb xat24cr xgzva0m xxymvpz xlup9mm x1kky2od\"><img decoding=\"async\" src=\"https:\/\/static.xx.fbcdn.net\/images\/emoji.php\/v9\/ta9\/1.5\/16\/1f525.png\" alt=\"\ud83d\udd25\" width=\"16\" height=\"16\" \/><\/span><\/div>\n<div dir=\"auto\"><\/div>\n<\/div>\n<div class=\"x11i5rnm xat24cr x1mh8g0r x1vvkbs xtlvy1s x126k92a\">\n<div dir=\"auto\">Un grand merci \u00e0 la mairie d&rsquo;Illkirch pour la mise \u00e0 disposition de la salle situ\u00e9e au Lixenbuhl.<\/div>\n<div dir=\"auto\"><\/div>\n<\/div>\n<div class=\"x11i5rnm xat24cr x1mh8g0r x1vvkbs xtlvy1s x126k92a\">\n<div dir=\"auto\"><span class=\"x3nfvp2 x1j61x8r x1fcty0u xdj266r xhhsvwb xat24cr xgzva0m xxymvpz xlup9mm x1kky2od\"><img decoding=\"async\" src=\"https:\/\/static.xx.fbcdn.net\/images\/emoji.php\/v9\/tc5\/1.5\/16\/1f499.png\" alt=\"\ud83d\udc99\" width=\"16\" height=\"16\" \/><\/span> VENEZ NOMBREUX <span class=\"x3nfvp2 x1j61x8r x1fcty0u xdj266r xhhsvwb xat24cr xgzva0m xxymvpz xlup9mm x1kky2od\"><img decoding=\"async\" src=\"https:\/\/static.xx.fbcdn.net\/images\/emoji.php\/v9\/tc5\/1.5\/16\/1f499.png\" alt=\"\ud83d\udc99\" width=\"16\" height=\"16\" \/><\/span> Chaque ann\u00e9e, de nombreuses victimes ont pu \u00eatre mises en relation avec des personnes qui les ont aid\u00e9 \u00e0 reprendre le contr\u00f4le de leur vie.<\/div>\n<div dir=\"auto\">Les th\u00e8mes abord\u00e9s cette ann\u00e9e pourraient bien servir \u00e0 vos ados \u00e9galement (principaux concern\u00e9s par les r\u00e9seaux sociaux et premi\u00e8res cibles du cyber-harc\u00e8lement).<\/div>\n<div dir=\"auto\"><\/div>\n<\/div>\n<div class=\"x11i5rnm xat24cr x1mh8g0r x1vvkbs xtlvy1s x126k92a\">\n<div dir=\"auto\">ON COMPTE SUR VOUS <span class=\"x3nfvp2 x1j61x8r x1fcty0u xdj266r xhhsvwb xat24cr xgzva0m xxymvpz xlup9mm x1kky2od\"><img decoding=\"async\" src=\"https:\/\/static.xx.fbcdn.net\/images\/emoji.php\/v9\/ta9\/1.5\/16\/1f525.png\" alt=\"\ud83d\udd25\" width=\"16\" height=\"16\" \/><\/span><span class=\"x3nfvp2 x1j61x8r x1fcty0u xdj266r xhhsvwb xat24cr xgzva0m xxymvpz xlup9mm x1kky2od\"><img decoding=\"async\" src=\"https:\/\/static.xx.fbcdn.net\/images\/emoji.php\/v9\/t17\/1.5\/16\/1f94a.png\" alt=\"\ud83e\udd4a\" width=\"16\" height=\"16\" \/><\/span><span class=\"x3nfvp2 x1j61x8r x1fcty0u xdj266r xhhsvwb xat24cr xgzva0m xxymvpz xlup9mm x1kky2od\"><img decoding=\"async\" src=\"https:\/\/static.xx.fbcdn.net\/images\/emoji.php\/v9\/t16\/1.5\/16\/1f4a2.png\" alt=\"\ud83d\udca2\" width=\"16\" height=\"16\" \/><\/span><\/div>\n<\/div>\n<p>[\/vc_column_text][\/vc_column][\/vc_row][vc_row][vc_column][vc_gallery images=\u00a0\u00bb6256,6255,6254&Prime;][\/vc_column][\/vc_row][vc_row][vc_column][vc_single_image image=\u00a0\u00bb6366&Prime;][\/vc_column][\/vc_row]<\/p>\n<\/div>","protected":false},"excerpt":{"rendered":"<p>[vc_row][vc_column][vc_column_text] Le dimanche 5 mars 2023 a \u00e9t\u00e9 organis\u00e9 un stage r\u00e9unissant 250 participants pour soutenir la journ\u00e9e internationale de lutte pour les droits des femmes en Alsace avec Laurence Belrhiti, Repr\u00e9sentante Nationale Body Karat\u00e9 La matin\u00e9e s\u2019est d\u00e9roul\u00e9e comme suit : De 9h00 \u00e0 10h30 : Conf\u00e9rence sur tous les sujets d\u2019actualit\u00e9s avec pour [&hellip;]<\/p>\n","protected":false},"author":107,"featured_media":6254,"comment_status":"closed","ping_status":"closed","sticky":false,"template":"","format":"standard","meta":{"footnotes":""},"categories":[5,18],"tags":[],"class_list":["post-6253","post","type-post","status-publish","format-standard","hentry","category-actualites","category-vie-des-clubs"],"_links":{"self":[{"href":"https:\/\/sites.ffkarate.fr\/grandest\/wp-json\/wp\/v2\/posts\/6253","targetHints":{"allow":["GET"]}}],"collection":[{"href":"https:\/\/sites.ffkarate.fr\/grandest\/wp-json\/wp\/v2\/posts"}],"about":[{"href":"https:\/\/sites.ffkarate.fr\/grandest\/wp-json\/wp\/v2\/types\/post"}],"author":[{"embeddable":true,"href":"https:\/\/sites.ffkarate.fr\/grandest\/wp-json\/wp\/v2\/users\/107"}],"replies":[{"embeddable":true,"href":"https:\/\/sites.ffkarate.fr\/grandest\/wp-json\/wp\/v2\/comments?post=6253"}],"version-history":[{"count":5,"href":"https:\/\/sites.ffkarate.fr\/grandest\/wp-json\/wp\/v2\/posts\/6253\/revisions"}],"predecessor-version":[{"id":6699,"href":"https:\/\/sites.ffkarate.fr\/grandest\/wp-json\/wp\/v2\/posts\/6253\/revisions\/6699"}],"wp:featuredmedia":[{"embeddable":true,"href":"https:\/\/sites.ffkarate.fr\/grandest\/wp-json\/wp\/v2\/media\/6254"}],"wp:attachment":[{"href":"https:\/\/sites.ffkarate.fr\/grandest\/wp-json\/wp\/v2\/media?parent=6253"}],"wp:term":[{"taxonomy":"category","embeddable":true,"href":"https:\/\/sites.ffkarate.fr\/grandest\/wp-json\/wp\/v2\/categories?post=6253"},{"taxonomy":"post_tag","embeddable":true,"href":"https:\/\/sites.ffkarate.fr\/grandest\/wp-json\/wp\/v2\/tags?post=6253"}],"curies":[{"name":"wp","href":"https:\/\/api.w.org\/{rel}","templated":true}]}}