{"id":8882,"date":"2026-04-27T19:36:42","date_gmt":"2026-04-27T17:36:42","guid":{"rendered":"https:\/\/sites.ffkarate.fr\/grandest\/?p=8882"},"modified":"2026-04-27T19:39:10","modified_gmt":"2026-04-27T17:39:10","slug":"%f0%9f%a5%8a-karate-light-full-contact-thionville-a-vibre-tout-le-week-end","status":"publish","type":"post","link":"https:\/\/sites.ffkarate.fr\/grandest\/2026\/04\/27\/%f0%9f%a5%8a-karate-light-full-contact-thionville-a-vibre-tout-le-week-end\/","title":{"rendered":"\ud83e\udd4a Karat\u00e9 Light &amp; Full Contact : Thionville a vibr\u00e9 tout le week-end !"},"content":{"rendered":"<div class=\"wpb-content-wrapper\"><p>[vc_row][vc_column][vc_column_text]<\/p>\n<p data-start=\"197\" data-end=\"343\">Le Championnat de France de Karat\u00e9 Light Contact et Full Contact, organis\u00e9 \u00e0 Thionville les 18 et 19 avril 2026, a \u00e9t\u00e9 une v\u00e9ritable r\u00e9ussite.<\/p>\n<p data-start=\"345\" data-end=\"587\">Durant tout le week-end, la comp\u00e9tition a offert un spectacle sportif de grande qualit\u00e9, r\u00e9unissant 301 athl\u00e8tes performants et engag\u00e9s. L\u2019ensemble des clubs pr\u00e9sents a contribu\u00e9 \u00e0 une ambiance \u00e0 la fois respectueuse, conviviale et dynamique.<\/p>\n<p data-start=\"589\" data-end=\"813\">L\u2019\u00e9v\u00e9nement a \u00e9galement \u00e9t\u00e9 marqu\u00e9 par des \u00e9changes tr\u00e8s positifs avec les officiels, les repr\u00e9sentants f\u00e9d\u00e9raux (nationaux et r\u00e9gionaux) ainsi que les membres de la commission sportive, dans un climat serein et constructif.<\/p>\n<p data-start=\"852\" data-end=\"1125\">Les partenaires institutionnels (Ville, Communaut\u00e9 d\u2019agglom\u00e9ration, D\u00e9partement, R\u00e9gion) ont exprim\u00e9 leur satisfaction, tout comme les VIP pr\u00e9sents, acteurs essentiels du d\u00e9veloppement du club, qui ont particuli\u00e8rement appr\u00e9ci\u00e9 la qualit\u00e9 de l\u2019accueil et de l\u2019organisation.<\/p>\n<p data-start=\"1172\" data-end=\"1452\">Le gymnase, les installations et les circuits de circulation mis en place ont permis un d\u00e9roulement fluide de la comp\u00e9tition. Aucun incident ni d\u00e9gradation n\u2019a \u00e9t\u00e9 constat\u00e9.<br data-start=\"1345\" data-end=\"1348\" \/>Le parking ext\u00e9rieur gratuit a \u00e9galement \u00e9t\u00e9 un atout appr\u00e9ci\u00e9 par tous les participants et spectateurs.<\/p>\n<p data-start=\"1488\" data-end=\"1692\">La restauration d\u00e9di\u00e9e aux officiels a \u00e9t\u00e9 unanimement salu\u00e9e pour sa qualit\u00e9.<br data-start=\"1566\" data-end=\"1569\" \/>La buvette et l\u2019offre de restauration grand public ont rencontr\u00e9 un franc succ\u00e8s et ont pleinement satisfait les visiteurs.<\/p>\n<p data-start=\"1731\" data-end=\"1891\">L\u2019\u00e9quipe s\u00e9curit\u00e9 a assur\u00e9 une pr\u00e9sence efficace, discr\u00e8te et bienveillante, garantissant le bon d\u00e9roulement de la manifestation dans les meilleures conditions.<\/p>\n<p data-start=\"1731\" data-end=\"1891\">Ce championnat constitue une r\u00e9ussite collective et une belle vitrine pour le karat\u00e9 et ses disciplines associ\u00e9es, tant sur le plan sportif qu\u2019organisationnel.<\/p>\n<h3 data-section-id=\"1816pzr\" data-start=\"1893\" data-end=\"1915\">\ud83d\ude4f Remerciements<\/h3>\n<p data-start=\"1916\" data-end=\"2207\">Un grand merci \u00e0 :<\/p>\n<p>Madame V\u00e9ronique SCHMITT, Premi\u00e8re adjointe au Maire de Thionville<br \/>\nMonsieur Anthony CARDILLO, Adjoint au Maire de Thionville<br \/>\nMonsieur Roland BALCERZAK, Maire de la commune d\u2019Hettange-Grande<br \/>\nChristophe ESTEBAN, responsable r\u00e9gional de la discipline<br \/>\nMarc SCHAEFFER et toute son \u00e9quipe du club de boxe de Thionville<\/p>\n<p>pour leur engagement et leur contribution essentielle \u00e0 la r\u00e9ussite de cette manifestation.<\/p>\n<h3 data-section-id=\"i6dm10\" data-start=\"2214\" data-end=\"2254\"><\/h3>\n<p>[\/vc_column_text][\/vc_column][\/vc_row]<\/p>\n<\/div>","protected":false},"excerpt":{"rendered":"<p>[vc_row][vc_column][vc_column_text] Le Championnat de France de Karat\u00e9 Light Contact et Full Contact, organis\u00e9 \u00e0 Thionville les 18 et 19 avril 2026, a \u00e9t\u00e9 une v\u00e9ritable r\u00e9ussite. Durant tout le week-end, la comp\u00e9tition a offert un spectacle sportif de grande qualit\u00e9, r\u00e9unissant 301 athl\u00e8tes performants et engag\u00e9s. L\u2019ensemble des clubs pr\u00e9sents a contribu\u00e9 \u00e0 une ambiance [&hellip;]<\/p>\n","protected":false},"author":107,"featured_media":9013,"comment_status":"open","ping_status":"open","sticky":false,"template":"","format":"standard","meta":{"footnotes":""},"categories":[1],"tags":[],"class_list":["post-8882","post","type-post","status-publish","format-standard","hentry","category-non-classe"],"_links":{"self":[{"href":"https:\/\/sites.ffkarate.fr\/grandest\/wp-json\/wp\/v2\/posts\/8882","targetHints":{"allow":["GET"]}}],"collection":[{"href":"https:\/\/sites.ffkarate.fr\/grandest\/wp-json\/wp\/v2\/posts"}],"about":[{"href":"https:\/\/sites.ffkarate.fr\/grandest\/wp-json\/wp\/v2\/types\/post"}],"author":[{"embeddable":true,"href":"https:\/\/sites.ffkarate.fr\/grandest\/wp-json\/wp\/v2\/users\/107"}],"replies":[{"embeddable":true,"href":"https:\/\/sites.ffkarate.fr\/grandest\/wp-json\/wp\/v2\/comments?post=8882"}],"version-history":[{"count":4,"href":"https:\/\/sites.ffkarate.fr\/grandest\/wp-json\/wp\/v2\/posts\/8882\/revisions"}],"predecessor-version":[{"id":9012,"href":"https:\/\/sites.ffkarate.fr\/grandest\/wp-json\/wp\/v2\/posts\/8882\/revisions\/9012"}],"wp:featuredmedia":[{"embeddable":true,"href":"https:\/\/sites.ffkarate.fr\/grandest\/wp-json\/wp\/v2\/media\/9013"}],"wp:attachment":[{"href":"https:\/\/sites.ffkarate.fr\/grandest\/wp-json\/wp\/v2\/media?parent=8882"}],"wp:term":[{"taxonomy":"category","embeddable":true,"href":"https:\/\/sites.ffkarate.fr\/grandest\/wp-json\/wp\/v2\/categories?post=8882"},{"taxonomy":"post_tag","embeddable":true,"href":"https:\/\/sites.ffkarate.fr\/grandest\/wp-json\/wp\/v2\/tags?post=8882"}],"curies":[{"name":"wp","href":"https:\/\/api.w.org\/{rel}","templated":true}]}}