{"id":8985,"date":"2026-04-26T15:34:05","date_gmt":"2026-04-26T13:34:05","guid":{"rendered":"https:\/\/sites.ffkarate.fr\/grandest\/?p=8985"},"modified":"2026-04-26T15:34:05","modified_gmt":"2026-04-26T13:34:05","slug":"violences-sexistes-et-sexuelles-dans-le-sport-comprendre-prevenir-agir","status":"publish","type":"post","link":"https:\/\/sites.ffkarate.fr\/grandest\/2026\/04\/26\/violences-sexistes-et-sexuelles-dans-le-sport-comprendre-prevenir-agir\/","title":{"rendered":"Violences sexistes et sexuelles dans le sport : comprendre, pr\u00e9venir, agir"},"content":{"rendered":"<div class=\"wpb-content-wrapper\"><p>[vc_row][vc_column][vc_column_text]<\/p>\n<p data-start=\"265\" data-end=\"638\">Le 24 avril 2026, le Centre des Sports de Pont-\u00e0-Mousson a accueilli une conf\u00e9rence consacr\u00e9e aux violences sexistes et sexuelles faites aux femmes dans le sport. Organis\u00e9e conjointement par le comit\u00e9 d\u00e9partemental de Meurthe-et-Moselle de karat\u00e9 et disciplines associ\u00e9es et la Ligue Grand Est de karat\u00e9, cette soir\u00e9e a rassembl\u00e9 35 participants issus du mouvement sportif.<\/p>\n<p data-start=\"640\" data-end=\"899\">Dirigeants, encadrants, pratiquants, b\u00e9n\u00e9voles, parents et acteurs institutionnels \u00e9taient r\u00e9unis autour d\u2019un objectif commun : mieux comprendre ces situations, lib\u00e9rer la parole, rappeler le cadre juridique existant et renforcer collectivement la pr\u00e9vention.<\/p>\n<p data-start=\"901\" data-end=\"1329\">Il faut le dire clairement : oui, les violences sexistes et sexuelles faites aux femmes dans le sport existent. Elles existent dans des lieux cens\u00e9s \u00e9duquer, prot\u00e9ger, faire grandir. Elles existent dans des espaces cens\u00e9s transmettre le respect, la ma\u00eetrise de soi et l\u2019exemplarit\u00e9. Et lorsqu\u2019elles surviennent, ce ne sont pas seulement les valeurs du sport qui sont trahies, ce sont avant tout des personnes qui sont atteintes.<\/p>\n<p data-start=\"1331\" data-end=\"1591\">Trop longtemps, ces violences ont \u00e9t\u00e9 minimis\u00e9es, tues ou relativis\u00e9es, recouvertes par le silence, la peur, la honte ou encore les rapports de pouvoir. Trop souvent, l\u2019image des institutions a \u00e9t\u00e9 prot\u00e9g\u00e9e au d\u00e9triment des victimes. Ce temps doit \u00eatre r\u00e9volu.<\/p>\n<p data-start=\"1593\" data-end=\"1833\">Aucune performance, aucun palmar\u00e8s, aucun statut, aucune fonction ne peut justifier l\u2019emprise, le harc\u00e8lement, l\u2019humiliation ou l\u2019agression. Rien ne doit \u00eatre plac\u00e9 au-dessus de la dignit\u00e9, de l\u2019int\u00e9grit\u00e9 et de la s\u00e9curit\u00e9 des pratiquantes.<\/p>\n<p data-start=\"1835\" data-end=\"2126\">Parler aujourd\u2019hui de ces violences, ce n\u2019est pas attaquer le sport. C\u2019est au contraire le d\u00e9fendre. Le d\u00e9fendre contre ce qui le d\u00e9shonore. Le d\u00e9fendre contre l\u2019omerta et les logiques de domination. Le d\u00e9fendre en refusant que des femmes aient \u00e0 choisir entre leur passion et leur s\u00e9curit\u00e9.<\/p>\n<p data-start=\"2128\" data-end=\"2469\">La conf\u00e9rence, anim\u00e9e par Ma\u00eetre Tatiana Vassine, avocate au barreau de Paris, a apport\u00e9 un \u00e9clairage pr\u00e9cieux sur les dimensions juridiques, humaines et institutionnelles de ces probl\u00e9matiques. Son intervention a permis aux participants de mieux comprendre leurs obligations et leur r\u00f4le dans la pr\u00e9vention et la lutte contre ces violences. Le comit\u00e9 d\u00e9partemental et la ligue tiennent \u00e0 saluer la qualit\u00e9 de son intervention, particuli\u00e8rement claire, engag\u00e9e et accessible, qui a largement contribu\u00e9 \u00e0 la r\u00e9ussite de cette soir\u00e9e.<\/p>\n<p data-start=\"2471\" data-end=\"2824\">Au-del\u00e0 du constat, des pistes concr\u00e8tes d\u2019action ont \u00e9t\u00e9 mises en avant. Il a notamment \u00e9t\u00e9 rappel\u00e9 l\u2019importance de promouvoir une culture sportive fond\u00e9e sur le respect, l\u2019\u00e9galit\u00e9 et la bienveillance. La sensibilisation et la formation des \u00e9ducateurs et des dirigeants apparaissent comme des leviers essentiels pour pr\u00e9venir les situations \u00e0 risque.<\/p>\n<p data-start=\"2826\" data-end=\"3260\">Il est \u00e9galement recommand\u00e9 de structurer les clubs en d\u00e9signant un r\u00e9f\u00e9rent \u00e9thique et en mettant en place une charte de bonne conduite. La connaissance des proc\u00e9dures de signalement est indispensable : du club vers la f\u00e9d\u00e9ration, puis vers les services de l\u2019\u00c9tat (SDJES) et, si n\u00e9cessaire, vers le parquet. En cas de doute, il est fondamental de ne pas rester seul et de se rapprocher de sa ligue, de son comit\u00e9 ou de sa f\u00e9d\u00e9ration.<\/p>\n<p data-start=\"3262\" data-end=\"3515\">Cette conf\u00e9rence a permis de rappeler une exigence collective : regarder la r\u00e9alit\u00e9 en face, nommer les faits, comprendre les m\u00e9canismes, entendre la parole des victimes et assumer nos responsabilit\u00e9s. Car sur ces sujets, l\u2019inaction n\u2019est jamais neutre.<\/p>\n<p data-start=\"3517\" data-end=\"4022\">Le comit\u00e9 d\u00e9partemental et la ligue tiennent \u00e0 remercier l\u2019ensemble des participants pour leur engagement, ainsi que les personnalit\u00e9s pr\u00e9sentes, notamment Monsieur le Maire de Pont-\u00e0-Mousson, Monsieur Emmanuel MEXIQUE, Pr\u00e9sident du Comit\u00e9 D\u00e9partemental de Karat\u00e9 de la Meuse, Madame Aur\u00e9lie BERTON, r\u00e9f\u00e9rente VSS de la ligue, Monsieur Joris PETIMANGIN, Directeur adjoint du Comit\u00e9 R\u00e9gional Olympique et Sportif Grand Est, ainsi que les dirigeants et encadrants de clubs. Ils remercient \u00e9galement la municipalit\u00e9 de Pont-\u00e0-Mousson pour son soutien.<\/p>\n<p data-start=\"4024\" data-end=\"4219\">Plus que jamais, il est de notre responsabilit\u00e9 collective d\u2019agir. \u00catre \u00e0 la hauteur de ce que le sport pr\u00e9tend incarner. \u00catre \u00e0 la hauteur de nos responsabilit\u00e9s. \u00catre \u00e0 la hauteur des victimes.<\/p>\n<p>[\/vc_column_text][\/vc_column][\/vc_row][vc_row][vc_column][vc_gallery images=\u00a0\u00bb8993,8992,8991,8988,8987,8986,8990&Prime;][\/vc_column][\/vc_row]<\/p>\n<\/div>","protected":false},"excerpt":{"rendered":"<p>[vc_row][vc_column][vc_column_text] Le 24 avril 2026, le Centre des Sports de Pont-\u00e0-Mousson a accueilli une conf\u00e9rence consacr\u00e9e aux violences sexistes et sexuelles faites aux femmes dans le sport. Organis\u00e9e conjointement par le comit\u00e9 d\u00e9partemental de Meurthe-et-Moselle de karat\u00e9 et disciplines associ\u00e9es et la Ligue Grand Est de karat\u00e9, cette soir\u00e9e a rassembl\u00e9 35 participants issus du [&hellip;]<\/p>\n","protected":false},"author":107,"featured_media":8989,"comment_status":"open","ping_status":"open","sticky":false,"template":"","format":"standard","meta":{"footnotes":""},"categories":[1],"tags":[],"class_list":["post-8985","post","type-post","status-publish","format-standard","hentry","category-non-classe"],"_links":{"self":[{"href":"https:\/\/sites.ffkarate.fr\/grandest\/wp-json\/wp\/v2\/posts\/8985","targetHints":{"allow":["GET"]}}],"collection":[{"href":"https:\/\/sites.ffkarate.fr\/grandest\/wp-json\/wp\/v2\/posts"}],"about":[{"href":"https:\/\/sites.ffkarate.fr\/grandest\/wp-json\/wp\/v2\/types\/post"}],"author":[{"embeddable":true,"href":"https:\/\/sites.ffkarate.fr\/grandest\/wp-json\/wp\/v2\/users\/107"}],"replies":[{"embeddable":true,"href":"https:\/\/sites.ffkarate.fr\/grandest\/wp-json\/wp\/v2\/comments?post=8985"}],"version-history":[{"count":2,"href":"https:\/\/sites.ffkarate.fr\/grandest\/wp-json\/wp\/v2\/posts\/8985\/revisions"}],"predecessor-version":[{"id":8995,"href":"https:\/\/sites.ffkarate.fr\/grandest\/wp-json\/wp\/v2\/posts\/8985\/revisions\/8995"}],"wp:featuredmedia":[{"embeddable":true,"href":"https:\/\/sites.ffkarate.fr\/grandest\/wp-json\/wp\/v2\/media\/8989"}],"wp:attachment":[{"href":"https:\/\/sites.ffkarate.fr\/grandest\/wp-json\/wp\/v2\/media?parent=8985"}],"wp:term":[{"taxonomy":"category","embeddable":true,"href":"https:\/\/sites.ffkarate.fr\/grandest\/wp-json\/wp\/v2\/categories?post=8985"},{"taxonomy":"post_tag","embeddable":true,"href":"https:\/\/sites.ffkarate.fr\/grandest\/wp-json\/wp\/v2\/tags?post=8985"}],"curies":[{"name":"wp","href":"https:\/\/api.w.org\/{rel}","templated":true}]}}