{"id":1286,"date":"2018-08-31T10:46:31","date_gmt":"2018-08-31T08:46:31","guid":{"rendered":"https:\/\/sites.ffkarate.fr\/hautegaronne\/?post_type=news&amp;p=1286"},"modified":"2018-08-31T10:46:31","modified_gmt":"2018-08-31T08:46:31","slug":"15-septembre-stage-multi-styles-gratuit-enfants-a-cugnaux-31270","status":"publish","type":"post","link":"https:\/\/sites.ffkarate.fr\/hautegaronne\/2018\/08\/31\/15-septembre-stage-multi-styles-gratuit-enfants-a-cugnaux-31270\/","title":{"rendered":"15 SEPTEMBRE : Stage MULTI-STYLES Gratuit  ENFANTS \u00e0 Cugnaux (31270)"},"content":{"rendered":"<div class=\"wpb-content-wrapper\"><p>[vc_row][vc_column][vc_column_text]<a href=\"https:\/\/sites.ffkarate.fr\/hautegaronne\/wp-content\/uploads\/sites\/25\/2018\/09\/Affiche_Stage_Multistyles_enfants_SEP2018.jpg\"><img decoding=\"async\" class=\"alignnone size-medium wp-image-1292\" src=\"https:\/\/sites.ffkarate.fr\/hautegaronne\/wp-content\/uploads\/sites\/25\/2018\/09\/Affiche_Stage_Multistyles_enfants_SEP2018-212x300.jpg\" alt=\"Affiche_Stage_Multistyles_enfants_SEP2018\" width=\"212\" height=\"300\" \/><\/a><\/p>\n<p>Le Comit\u00e9 D\u00e9partemental Karat\u00e9 et Disciplines Associ\u00e9es de la Haute-Garonne organise un stage multi-disciplines gratuit pour les enfants \u00e0 Cugnaux (31270) le 15 septembre 2018.<\/p>\n<p><!--more--><\/p>\n<p>Le stage aura lieu <span style=\"text-decoration: underline\"><strong>SAMEDI 15 SEPTEMBRE<\/strong><\/span> \u00e0 l&rsquo;adresse suivante :<\/p>\n<p><strong>Gymnase Michel JAZY <\/strong><br \/>\n<strong>Avenue du Comminges<\/strong><br \/>\n<strong>31270 CUGNAUX<\/strong><\/p>\n<p>Le stage s&rsquo;adresse \u00e0 tous les enfants de 7 \u00e0 14 ans, pratiquants et d\u00e9butants. <strong>IMPORTANT : la licence f\u00e9d\u00e9rale est obligatoire.<\/strong><\/p>\n<p><span style=\"text-decoration: underline\"><strong>INTERVENANTS\u00a0 :<\/strong><\/span><\/p>\n<ul>\n<li>S\u00e9bastien ESPENAN (JEET KUNE DO Boxe Chinoise)<\/li>\n<li>Corinne GARCIA (Yoseikan budo)<\/li>\n<li>Teddy GUILLEMET (Karat\u00e9 Shindoka\u00ef)<\/li>\n<li>Gilles MOREL (Karat\u00e9 Light contact)<\/li>\n<li>Njaka PRESTO (Karat\u00e9 shotokan)<\/li>\n<li>Cyril SANDRE (AMV)<\/li>\n<li>Younes SEKKAL (Nihon Tai-Jitsu)<\/li>\n<li>Pascal TURPIN (Wushu)<\/li>\n<\/ul>\n<p>Pour cl\u00f4turer le stage, \u00a0 un go\u00fbter sera offert par le Comit\u00e9 D\u00e9partemental Karat\u00e9 et Disciplines Associ\u00e9es de la Haute-Garonne. Vous pouvez t\u00e9l\u00e9charger l&rsquo;affiche <a href=\"https:\/\/sites.ffkarate.fr\/hautegaronne\/wp-content\/uploads\/sites\/25\/2018\/08\/Affiche_Stage_Multistyles_enfants_SEP2018_sans_intervenants.jpg\" target=\"_blank\" rel=\"noopener\">en cliquant sur le lien<\/a>.<\/p>\n<p><a href=\"https:\/\/sites.ffkarate.fr\/hautegaronne\/wp-content\/uploads\/sites\/25\/2018\/09\/Stage_enfants_Cugnaux_20180915_171059.jpg\"><img decoding=\"async\" class=\"alignnone wp-image-1362 size-large\" src=\"https:\/\/sites.ffkarate.fr\/hautegaronne\/wp-content\/uploads\/sites\/25\/2018\/09\/Stage_enfants_Cugnaux_20180915_171059-1024x368.jpg\" alt=\"Stage_enfants_Cugnaux_20180915_171059\" width=\"640\" height=\"230\" \/><\/a>[\/vc_column_text][\/vc_column][\/vc_row]<\/p>\n<\/div>","protected":false},"excerpt":{"rendered":"<p>[vc_row][vc_column][vc_column_text] Le Comit\u00e9 D\u00e9partemental Karat\u00e9 et Disciplines Associ\u00e9es de la Haute-Garonne organise un stage multi-disciplines gratuit pour les enfants \u00e0 Cugnaux (31270) le 15 septembre 2018.<\/p>\n","protected":false},"author":159,"featured_media":1362,"comment_status":"closed","ping_status":"closed","sticky":false,"template":"","format":"standard","meta":{"footnotes":""},"categories":[1],"tags":[],"class_list":["post-1286","post","type-post","status-publish","format-standard","hentry","category-non-classe"],"_links":{"self":[{"href":"https:\/\/sites.ffkarate.fr\/hautegaronne\/wp-json\/wp\/v2\/posts\/1286","targetHints":{"allow":["GET"]}}],"collection":[{"href":"https:\/\/sites.ffkarate.fr\/hautegaronne\/wp-json\/wp\/v2\/posts"}],"about":[{"href":"https:\/\/sites.ffkarate.fr\/hautegaronne\/wp-json\/wp\/v2\/types\/post"}],"author":[{"embeddable":true,"href":"https:\/\/sites.ffkarate.fr\/hautegaronne\/wp-json\/wp\/v2\/users\/159"}],"replies":[{"embeddable":true,"href":"https:\/\/sites.ffkarate.fr\/hautegaronne\/wp-json\/wp\/v2\/comments?post=1286"}],"version-history":[{"count":0,"href":"https:\/\/sites.ffkarate.fr\/hautegaronne\/wp-json\/wp\/v2\/posts\/1286\/revisions"}],"wp:featuredmedia":[{"embeddable":true,"href":"https:\/\/sites.ffkarate.fr\/hautegaronne\/wp-json\/wp\/v2\/media\/1362"}],"wp:attachment":[{"href":"https:\/\/sites.ffkarate.fr\/hautegaronne\/wp-json\/wp\/v2\/media?parent=1286"}],"wp:term":[{"taxonomy":"category","embeddable":true,"href":"https:\/\/sites.ffkarate.fr\/hautegaronne\/wp-json\/wp\/v2\/categories?post=1286"},{"taxonomy":"post_tag","embeddable":true,"href":"https:\/\/sites.ffkarate.fr\/hautegaronne\/wp-json\/wp\/v2\/tags?post=1286"}],"curies":[{"name":"wp","href":"https:\/\/api.w.org\/{rel}","templated":true}]}}