{"id":1416,"date":"2018-10-06T21:04:00","date_gmt":"2018-10-06T19:04:00","guid":{"rendered":"https:\/\/sites.ffkarate.fr\/hautegaronne\/?post_type=news&amp;p=1416"},"modified":"2018-10-06T21:04:00","modified_gmt":"2018-10-06T19:04:00","slug":"10-novembre-ag-election-representants-des-clubs-haute-garonne-aux-ag-de-la-federation-et-de-la-lr-occitanie","status":"publish","type":"post","link":"https:\/\/sites.ffkarate.fr\/hautegaronne\/2018\/10\/06\/10-novembre-ag-election-representants-des-clubs-haute-garonne-aux-ag-de-la-federation-et-de-la-lr-occitanie\/","title":{"rendered":"10 Novembre : AG \u00c9lection repr\u00e9sentants des clubs Haute-Garonne aux AG de la F\u00e9d\u00e9ration et de la LR Occitanie"},"content":{"rendered":"<div class=\"wpb-content-wrapper\"><p>[vc_row][vc_column][vc_column_text]<a href=\"https:\/\/sites.ffkarate.fr\/hautegaronne\/wp-content\/uploads\/sites\/25\/2018\/07\/candidatures.jpg\"><img decoding=\"async\" class=\"alignnone size-medium wp-image-1186\" src=\"https:\/\/sites.ffkarate.fr\/hautegaronne\/wp-content\/uploads\/sites\/25\/2018\/07\/candidatures-300x111.jpg\" alt=\"candidatures\" width=\"300\" height=\"111\" \/><\/a><\/p>\n<p><strong>10 Novembre : AG \u00c9lection repr\u00e9sentants des clubs Haute-Garonne aux AG de la F\u00e9d\u00e9ration et de la LR Occitanie<\/strong><\/p>\n<p><!--more--><\/p>\n<p>Mesdames, Messieurs, Ch\u00e8res Pr\u00e9sidentes, Chers Pr\u00e9sidents,<\/p>\n<p>&nbsp;<\/p>\n<p>J&rsquo;ai le plaisir de vous inviter \u00e0 l&rsquo;Assembl\u00e9e G\u00e9n\u00e9rale pour \u00e9lire les repr\u00e9sentants des clubs Haute-Garonne aux AG de la F\u00e9d\u00e9ration et de la LR Occitanie le samedi 10 Novembre 2018,<strong> \u00e0 9h30<\/strong>, au si\u00e8ge du<\/p>\n<p><strong>Comit\u00e9 D\u00e9partemental de Karat\u00e9 et Disciplines Associ\u00e9es de la Haute-Garonne<\/strong><\/p>\n<p>7, rue Andr\u00e9 Citro\u00ebn<br \/>\n31130 BALMA<\/p>\n<p>Vous trouverez le formulaire de candidature en cliquant sur <a href=\"https:\/\/sites.ffkarate.fr\/hautegaronne\/wp-content\/uploads\/sites\/25\/2018\/10\/Formulaire-type-pour-les-repr\u00e9sentants-des-clubs-aux-AG-de-la-f\u00e9d\u00e9ration....pdf\" target=\"_blank\" rel=\"noopener\">ce lien<\/a>.<\/p>\n<p>Date limite pour l&rsquo;envoi des candidatures : 20 jours francs avant les \u00e9lections, cachet de la poste faisant foi. Le formulaire doit \u00eatre adress\u00e9 au\u00a0<strong>Comit\u00e9 D\u00e9partemental de Karat\u00e9 et Disciplines Associ\u00e9es de la Haute-Garonne<\/strong> (adresse ci-dessus) par lettre RAR ou remis contre r\u00e9c\u00e9piss\u00e9 \u00e0 cette m\u00eame adresse.<\/p>\n<p>Amicalement,<\/p>\n<p>Anicet KOUNOUGOUS<br \/>\nPr\u00e9sident du Comit\u00e9 d\u00e9partemental de Karat\u00e9 et Disciplines associ\u00e9es de la Haute-Garonne<\/p>\n<p>&nbsp;[\/vc_column_text][\/vc_column][\/vc_row]<\/p>\n<\/div>","protected":false},"excerpt":{"rendered":"<p>[vc_row][vc_column][vc_column_text] 10 Novembre : AG \u00c9lection repr\u00e9sentants des clubs Haute-Garonne aux AG de la F\u00e9d\u00e9ration et de la LR Occitanie<\/p>\n","protected":false},"author":159,"featured_media":1186,"comment_status":"closed","ping_status":"closed","sticky":false,"template":"","format":"standard","meta":{"footnotes":""},"categories":[1],"tags":[],"class_list":["post-1416","post","type-post","status-publish","format-standard","hentry","category-non-classe"],"_links":{"self":[{"href":"https:\/\/sites.ffkarate.fr\/hautegaronne\/wp-json\/wp\/v2\/posts\/1416","targetHints":{"allow":["GET"]}}],"collection":[{"href":"https:\/\/sites.ffkarate.fr\/hautegaronne\/wp-json\/wp\/v2\/posts"}],"about":[{"href":"https:\/\/sites.ffkarate.fr\/hautegaronne\/wp-json\/wp\/v2\/types\/post"}],"author":[{"embeddable":true,"href":"https:\/\/sites.ffkarate.fr\/hautegaronne\/wp-json\/wp\/v2\/users\/159"}],"replies":[{"embeddable":true,"href":"https:\/\/sites.ffkarate.fr\/hautegaronne\/wp-json\/wp\/v2\/comments?post=1416"}],"version-history":[{"count":0,"href":"https:\/\/sites.ffkarate.fr\/hautegaronne\/wp-json\/wp\/v2\/posts\/1416\/revisions"}],"wp:featuredmedia":[{"embeddable":true,"href":"https:\/\/sites.ffkarate.fr\/hautegaronne\/wp-json\/wp\/v2\/media\/1186"}],"wp:attachment":[{"href":"https:\/\/sites.ffkarate.fr\/hautegaronne\/wp-json\/wp\/v2\/media?parent=1416"}],"wp:term":[{"taxonomy":"category","embeddable":true,"href":"https:\/\/sites.ffkarate.fr\/hautegaronne\/wp-json\/wp\/v2\/categories?post=1416"},{"taxonomy":"post_tag","embeddable":true,"href":"https:\/\/sites.ffkarate.fr\/hautegaronne\/wp-json\/wp\/v2\/tags?post=1416"}],"curies":[{"name":"wp","href":"https:\/\/api.w.org\/{rel}","templated":true}]}}