{"id":1488,"date":"2018-10-20T11:00:39","date_gmt":"2018-10-20T09:00:39","guid":{"rendered":"https:\/\/sites.ffkarate.fr\/hautegaronne\/?post_type=news&amp;p=1488"},"modified":"2018-10-20T11:00:39","modified_gmt":"2018-10-20T09:00:39","slug":"3-et-17-novembre-coupes-departementales-poussin-pupille-benjamin-kata-et-combats","status":"publish","type":"post","link":"https:\/\/sites.ffkarate.fr\/hautegaronne\/2018\/10\/20\/3-et-17-novembre-coupes-departementales-poussin-pupille-benjamin-kata-et-combats\/","title":{"rendered":"3 et 17 Novembre : Coupes D\u00e9partementales Poussin-Pupille-Benjamin KATA et Combats"},"content":{"rendered":"<div class=\"wpb-content-wrapper\"><p>[vc_row][vc_column][vc_column_text]<a href=\"https:\/\/sites.ffkarate.fr\/hautegaronne\/wp-content\/uploads\/sites\/25\/2016\/11\/Competition_Enfant_1.jpg\"><img decoding=\"async\" class=\"alignnone size-medium wp-image-1024\" src=\"https:\/\/sites.ffkarate.fr\/hautegaronne\/wp-content\/uploads\/sites\/25\/2016\/11\/Competition_Enfant_1-300x143.jpg\" alt=\"competition_enfant_1\" width=\"300\" height=\"143\" \/><\/a><\/p>\n<p>Les Coupes D\u00e9partementales ENFANTS KATA et COMBATS auront lieu :<\/p>\n<p><!--more--><\/p>\n<ul>\n<li>\u00a0 <span id=\"OBJ_PREFIX_DWT501_com_zimbra_date\" class=\"Object\">SAMEDI<\/span> 3 NOVEMBRE : Coupe D\u00e9partementale KATA Poussins-Pupilles-Benjamins \u00e0 Saint-Gaudens.<br \/>\nVoir le\u00a0 <span id=\"OBJ_PREFIX_DWT502_com_zimbra_url\" class=\"Object\"><a href=\"https:\/\/sites.ffkarate.fr\/hautegaronne\/wp-content\/uploads\/sites\/25\/2018\/10\/HG_KATA_Coupe_PPB_03-11-2018.pdf\" target=\"_blank\" rel=\"noreferrer noopener\">programme en suivant le lien.<\/a><\/span><\/li>\n<\/ul>\n<ul>\n<li><span id=\"OBJ_PREFIX_DWT503_com_zimbra_date\" class=\"Object\">SAMEDI<\/span> 17 NOVEMBRE : Coupe D\u00e9partementale COMBATS Poussins-Pupilles-Benjamins \u00e0 Montr\u00e9jeau.<br \/>\nVoir <span id=\"OBJ_PREFIX_DWT504_com_zimbra_url\" class=\"Object\"><a href=\"https:\/\/sites.ffkarate.fr\/hautegaronne\/wp-content\/uploads\/sites\/25\/2018\/10\/HG_COMBATS_Coupe_PPB__17-11-2018.pdf\" target=\"_blank\" rel=\"noreferrer noopener\">le programme en suivant le lien.<\/a><\/span><\/li>\n<\/ul>\n<p>Les inscriptions sont \u00e0 faire sur le site f\u00e9d\u00e9ral 10 jours avant chaque comp\u00e9tition, en <a href=\"http:\/\/www.ffkcompetition.fr\" target=\"_blank\" rel=\"noopener\">suivant ce lien<\/a>.[\/vc_column_text][\/vc_column][\/vc_row]<\/p>\n<\/div>","protected":false},"excerpt":{"rendered":"<p>[vc_row][vc_column][vc_column_text] Les Coupes D\u00e9partementales ENFANTS KATA et COMBATS auront lieu :<\/p>\n","protected":false},"author":159,"featured_media":1024,"comment_status":"closed","ping_status":"closed","sticky":false,"template":"","format":"standard","meta":{"footnotes":""},"categories":[1],"tags":[],"class_list":["post-1488","post","type-post","status-publish","format-standard","hentry","category-non-classe"],"_links":{"self":[{"href":"https:\/\/sites.ffkarate.fr\/hautegaronne\/wp-json\/wp\/v2\/posts\/1488","targetHints":{"allow":["GET"]}}],"collection":[{"href":"https:\/\/sites.ffkarate.fr\/hautegaronne\/wp-json\/wp\/v2\/posts"}],"about":[{"href":"https:\/\/sites.ffkarate.fr\/hautegaronne\/wp-json\/wp\/v2\/types\/post"}],"author":[{"embeddable":true,"href":"https:\/\/sites.ffkarate.fr\/hautegaronne\/wp-json\/wp\/v2\/users\/159"}],"replies":[{"embeddable":true,"href":"https:\/\/sites.ffkarate.fr\/hautegaronne\/wp-json\/wp\/v2\/comments?post=1488"}],"version-history":[{"count":0,"href":"https:\/\/sites.ffkarate.fr\/hautegaronne\/wp-json\/wp\/v2\/posts\/1488\/revisions"}],"wp:featuredmedia":[{"embeddable":true,"href":"https:\/\/sites.ffkarate.fr\/hautegaronne\/wp-json\/wp\/v2\/media\/1024"}],"wp:attachment":[{"href":"https:\/\/sites.ffkarate.fr\/hautegaronne\/wp-json\/wp\/v2\/media?parent=1488"}],"wp:term":[{"taxonomy":"category","embeddable":true,"href":"https:\/\/sites.ffkarate.fr\/hautegaronne\/wp-json\/wp\/v2\/categories?post=1488"},{"taxonomy":"post_tag","embeddable":true,"href":"https:\/\/sites.ffkarate.fr\/hautegaronne\/wp-json\/wp\/v2\/tags?post=1488"}],"curies":[{"name":"wp","href":"https:\/\/api.w.org\/{rel}","templated":true}]}}