{"id":1501,"date":"2018-11-04T17:19:01","date_gmt":"2018-11-04T16:19:01","guid":{"rendered":"https:\/\/sites.ffkarate.fr\/hautegaronne\/?post_type=news&amp;p=1501"},"modified":"2018-11-04T17:19:01","modified_gmt":"2018-11-04T16:19:01","slug":"resultats-et-photos-coupe-departementale-kata-haute-garonne-enfants-a-saint-gaudens","status":"publish","type":"post","link":"https:\/\/sites.ffkarate.fr\/hautegaronne\/2018\/11\/04\/resultats-et-photos-coupe-departementale-kata-haute-garonne-enfants-a-saint-gaudens\/","title":{"rendered":"R\u00e9sultats et photos Coupe D\u00e9partementale KATA Haute-Garonne ENFANTS \u00e0 Saint-Gaudens"},"content":{"rendered":"<div class=\"wpb-content-wrapper\"><p>[vc_row][vc_column][vc_column_text]<a href=\"https:\/\/sites.ffkarate.fr\/hautegaronne\/wp-content\/uploads\/sites\/25\/2018\/11\/bandeau_PPB_KATA.jpg\"><img decoding=\"async\" class=\"alignnone size-medium wp-image-1500\" src=\"https:\/\/sites.ffkarate.fr\/hautegaronne\/wp-content\/uploads\/sites\/25\/2018\/11\/bandeau_PPB_KATA-300x143.jpg\" alt=\"bandeau_PPB_KATA\" width=\"300\" height=\"143\" \/><\/a><\/p>\n<p>Les r\u00e9sultats de la Coupe D\u00e9partementale KATA Haute-Garonne ENFANTS sont disponibles sur le Calendrier.<\/p>\n<p><!--more--><\/p>\n<p>Vous pouvez aussi t\u00e9l\u00e9charger les<strong> <a href=\"https:\/\/sites.ffkarate.fr\/hautegaronne\/wp-content\/uploads\/sites\/25\/2018\/11\/Resultats_PPB_KATA_3NOV18_complet.pdf\" target=\"_blank\" rel=\"noopener\">r\u00e9sultats<\/a><\/strong> et<strong> <a href=\"https:\/\/photos.app.goo.gl\/Zm8oCuYQ7aWFnwVFA\" target=\"_blank\" rel=\"noopener\">visualiser l&rsquo;album photo<\/a><\/strong> en cliquant sur les liens.[\/vc_column_text][\/vc_column][\/vc_row]<\/p>\n<\/div>","protected":false},"excerpt":{"rendered":"<p>[vc_row][vc_column][vc_column_text] Les r\u00e9sultats de la Coupe D\u00e9partementale KATA Haute-Garonne ENFANTS sont disponibles sur le Calendrier.<\/p>\n","protected":false},"author":159,"featured_media":1500,"comment_status":"closed","ping_status":"closed","sticky":false,"template":"","format":"standard","meta":{"footnotes":""},"categories":[1],"tags":[],"class_list":["post-1501","post","type-post","status-publish","format-standard","hentry","category-non-classe"],"_links":{"self":[{"href":"https:\/\/sites.ffkarate.fr\/hautegaronne\/wp-json\/wp\/v2\/posts\/1501","targetHints":{"allow":["GET"]}}],"collection":[{"href":"https:\/\/sites.ffkarate.fr\/hautegaronne\/wp-json\/wp\/v2\/posts"}],"about":[{"href":"https:\/\/sites.ffkarate.fr\/hautegaronne\/wp-json\/wp\/v2\/types\/post"}],"author":[{"embeddable":true,"href":"https:\/\/sites.ffkarate.fr\/hautegaronne\/wp-json\/wp\/v2\/users\/159"}],"replies":[{"embeddable":true,"href":"https:\/\/sites.ffkarate.fr\/hautegaronne\/wp-json\/wp\/v2\/comments?post=1501"}],"version-history":[{"count":0,"href":"https:\/\/sites.ffkarate.fr\/hautegaronne\/wp-json\/wp\/v2\/posts\/1501\/revisions"}],"wp:featuredmedia":[{"embeddable":true,"href":"https:\/\/sites.ffkarate.fr\/hautegaronne\/wp-json\/wp\/v2\/media\/1500"}],"wp:attachment":[{"href":"https:\/\/sites.ffkarate.fr\/hautegaronne\/wp-json\/wp\/v2\/media?parent=1501"}],"wp:term":[{"taxonomy":"category","embeddable":true,"href":"https:\/\/sites.ffkarate.fr\/hautegaronne\/wp-json\/wp\/v2\/categories?post=1501"},{"taxonomy":"post_tag","embeddable":true,"href":"https:\/\/sites.ffkarate.fr\/hautegaronne\/wp-json\/wp\/v2\/tags?post=1501"}],"curies":[{"name":"wp","href":"https:\/\/api.w.org\/{rel}","templated":true}]}}