{"id":1576,"date":"2019-02-05T10:16:36","date_gmt":"2019-02-05T09:16:36","guid":{"rendered":"https:\/\/sites.ffkarate.fr\/hautegaronne\/?post_type=news&amp;p=1576"},"modified":"2019-02-05T10:16:36","modified_gmt":"2019-02-05T09:16:36","slug":"9-fevrier-coupe-departementale-de-body-karate","status":"publish","type":"post","link":"https:\/\/sites.ffkarate.fr\/hautegaronne\/2019\/02\/05\/9-fevrier-coupe-departementale-de-body-karate\/","title":{"rendered":"9 F\u00e9vrier : COUPE D\u00c9PARTEMENTALE DE BODY KARATE"},"content":{"rendered":"<div class=\"wpb-content-wrapper\"><p>[vc_row][vc_column][vc_column_text]<a href=\"https:\/\/sites.ffkarate.fr\/hautegaronne\/wp-content\/uploads\/sites\/25\/2019\/02\/infos-finales-coupe-d\u00e9partementale.jpg\"><img decoding=\"async\" class=\"alignnone size-medium wp-image-1575\" src=\"https:\/\/sites.ffkarate.fr\/hautegaronne\/wp-content\/uploads\/sites\/25\/2019\/02\/infos-finales-coupe-d\u00e9partementale-300x213.jpg\" alt=\"infos finales coupe d\u00e9partementale\" width=\"300\" height=\"213\" \/><\/a><\/p>\n<p>La Coupe D\u00e9partementale de Body Karat\u00e9 a eu lieu le 9 F\u00e9vrier \u00e0 Labarthe\/Leze :<\/p>\n<p><!--more--><\/p>\n<p><span style=\"text-decoration: underline\"><strong>Gymnase Bernard B\u00e9rail 1047 Route de Plantaurel 31860 LABARTHE \/ LEZE<\/strong><\/span><\/p>\n<p>Vous pouvez t\u00e9l\u00e9charger le programme <a href=\"https:\/\/sites.ffkarate.fr\/hautegaronne\/wp-content\/uploads\/sites\/25\/2019\/02\/infos-finales-coupe-d\u00e9partementale.jpg\" target=\"_blank\" rel=\"noopener\">en suivant le lien<\/a>.<\/p>\n<p>Les photos sont toutes visibles sur <a href=\"https:\/\/www.facebook.com\/Body-Karat%C3%A9-CDK-Haute-Garonne-1731386323844012\/\" target=\"_blank\" rel=\"noopener\">la page Facebook Body Karat\u00e9 CDK Haute Garonne<\/a> !<\/p>\n<p>Voici trois photos de l&rsquo;\u00e9v\u00e9nement!<\/p>\n<p><a href=\"https:\/\/sites.ffkarate.fr\/hautegaronne\/wp-content\/uploads\/sites\/25\/2019\/02\/Les-arbrites.jpg\"><img decoding=\"async\" class=\"alignnone size-medium wp-image-1589\" src=\"https:\/\/sites.ffkarate.fr\/hautegaronne\/wp-content\/uploads\/sites\/25\/2019\/02\/Les-arbrites-300x198.jpg\" alt=\"Les arbrites\" width=\"300\" height=\"198\" \/><\/a>\u00a0\u00a0 <a href=\"https:\/\/sites.ffkarate.fr\/hautegaronne\/wp-content\/uploads\/sites\/25\/2019\/02\/BdyKarat\u00e9-Groupe-2.jpg\"><img decoding=\"async\" class=\"alignnone size-medium wp-image-1588\" src=\"https:\/\/sites.ffkarate.fr\/hautegaronne\/wp-content\/uploads\/sites\/25\/2019\/02\/BdyKarat\u00e9-Groupe-2-300x197.jpg\" alt=\"BdyKarat\u00e9 Groupe 2\" width=\"300\" height=\"197\" \/><\/a><\/p>\n<p><a href=\"https:\/\/sites.ffkarate.fr\/hautegaronne\/wp-content\/uploads\/sites\/25\/2019\/02\/groupe-m\u00e9daille.jpg\"><img decoding=\"async\" class=\"alignnone size-medium wp-image-1590\" src=\"https:\/\/sites.ffkarate.fr\/hautegaronne\/wp-content\/uploads\/sites\/25\/2019\/02\/groupe-m\u00e9daille-300x193.jpg\" alt=\"groupe m\u00e9daille\" width=\"300\" height=\"193\" \/><\/a>[\/vc_column_text][\/vc_column][\/vc_row]<\/p>\n<\/div>","protected":false},"excerpt":{"rendered":"<p>[vc_row][vc_column][vc_column_text] La Coupe D\u00e9partementale de Body Karat\u00e9 a eu lieu le 9 F\u00e9vrier \u00e0 Labarthe\/Leze :<\/p>\n","protected":false},"author":159,"featured_media":1591,"comment_status":"closed","ping_status":"closed","sticky":false,"template":"","format":"standard","meta":{"footnotes":""},"categories":[1],"tags":[],"class_list":["post-1576","post","type-post","status-publish","format-standard","hentry","category-non-classe"],"_links":{"self":[{"href":"https:\/\/sites.ffkarate.fr\/hautegaronne\/wp-json\/wp\/v2\/posts\/1576","targetHints":{"allow":["GET"]}}],"collection":[{"href":"https:\/\/sites.ffkarate.fr\/hautegaronne\/wp-json\/wp\/v2\/posts"}],"about":[{"href":"https:\/\/sites.ffkarate.fr\/hautegaronne\/wp-json\/wp\/v2\/types\/post"}],"author":[{"embeddable":true,"href":"https:\/\/sites.ffkarate.fr\/hautegaronne\/wp-json\/wp\/v2\/users\/159"}],"replies":[{"embeddable":true,"href":"https:\/\/sites.ffkarate.fr\/hautegaronne\/wp-json\/wp\/v2\/comments?post=1576"}],"version-history":[{"count":0,"href":"https:\/\/sites.ffkarate.fr\/hautegaronne\/wp-json\/wp\/v2\/posts\/1576\/revisions"}],"wp:featuredmedia":[{"embeddable":true,"href":"https:\/\/sites.ffkarate.fr\/hautegaronne\/wp-json\/wp\/v2\/media\/1591"}],"wp:attachment":[{"href":"https:\/\/sites.ffkarate.fr\/hautegaronne\/wp-json\/wp\/v2\/media?parent=1576"}],"wp:term":[{"taxonomy":"category","embeddable":true,"href":"https:\/\/sites.ffkarate.fr\/hautegaronne\/wp-json\/wp\/v2\/categories?post=1576"},{"taxonomy":"post_tag","embeddable":true,"href":"https:\/\/sites.ffkarate.fr\/hautegaronne\/wp-json\/wp\/v2\/tags?post=1576"}],"curies":[{"name":"wp","href":"https:\/\/api.w.org\/{rel}","templated":true}]}}