{"id":1700,"date":"2019-04-17T01:14:12","date_gmt":"2019-04-16T23:14:12","guid":{"rendered":"https:\/\/sites.ffkarate.fr\/hautegaronne\/?post_type=news&amp;p=1700"},"modified":"2019-04-17T01:14:12","modified_gmt":"2019-04-16T23:14:12","slug":"entrainement-departemental-kumite-kata","status":"publish","type":"post","link":"https:\/\/sites.ffkarate.fr\/hautegaronne\/2019\/04\/17\/entrainement-departemental-kumite-kata\/","title":{"rendered":"ENTRAINEMENT D\u00c9PARTEMENTAL  KUMITE \/ KATA"},"content":{"rendered":"<div class=\"wpb-content-wrapper\"><p>[vc_row][vc_column][vc_column_text]<\/p>\n<p class=\"direction-ltr align-end para-style-body\"><strong>ENTRAINEMENT D\u00c9PARTEMENTAL\u00a0<\/strong><strong>KUMITE \/ KATA gratuit organis\u00e9 par le comit\u00e9 d\u00e9partemental de karat\u00e9 et disciplines associ\u00e9es de la Haute Garonne.\u00a0<\/strong><\/p>\n<p><a href=\"https:\/\/sites.ffkarate.fr\/hautegaronne\/wp-content\/uploads\/sites\/25\/2019\/04\/ENTRAINEMENT-D\u00c9PARTEMENTAL.png\"><img decoding=\"async\" class=\"alignnone size-large wp-image-1701\" src=\"https:\/\/sites.ffkarate.fr\/hautegaronne\/wp-content\/uploads\/sites\/25\/2019\/04\/ENTRAINEMENT-D\u00c9PARTEMENTAL-724x1024.png\" alt=\"ENTRAINEMENT D\u00c9PARTEMENTAL\" width=\"640\" height=\"905\" \/><\/a><\/p>\n<p><!--more--><\/p>\n<p><a href=\"https:\/\/sites.ffkarate.fr\/hautegaronne\/wp-content\/uploads\/sites\/25\/2019\/04\/Groupe_Stage_APR19_bandeau.jpg\"><img decoding=\"async\" class=\"alignnone size-large wp-image-1717\" src=\"https:\/\/sites.ffkarate.fr\/hautegaronne\/wp-content\/uploads\/sites\/25\/2019\/04\/Groupe_Stage_APR19_bandeau-1024x412.jpg\" alt=\"Groupe_Stage_APR19_bandeau\" width=\"640\" height=\"258\" \/><\/a><\/p>\n<p>Vous pouvez acc\u00e9der \u00e0 l&rsquo;album photo en cliquant<a href=\"https:\/\/photos.app.goo.gl\/wQH93GxqrT14u5Zu9\" target=\"_blank\" rel=\"noopener\"> sur le lien.<\/a><\/p>\n<p>&nbsp;[\/vc_column_text][\/vc_column][\/vc_row]<\/p>\n<\/div>","protected":false},"excerpt":{"rendered":"<p>[vc_row][vc_column][vc_column_text] ENTRAINEMENT D\u00c9PARTEMENTAL\u00a0KUMITE \/ KATA gratuit organis\u00e9 par le comit\u00e9 d\u00e9partemental de karat\u00e9 et disciplines associ\u00e9es de la Haute Garonne.\u00a0<\/p>\n","protected":false},"author":159,"featured_media":1717,"comment_status":"closed","ping_status":"closed","sticky":false,"template":"","format":"standard","meta":{"footnotes":""},"categories":[1],"tags":[],"class_list":["post-1700","post","type-post","status-publish","format-standard","hentry","category-non-classe"],"_links":{"self":[{"href":"https:\/\/sites.ffkarate.fr\/hautegaronne\/wp-json\/wp\/v2\/posts\/1700","targetHints":{"allow":["GET"]}}],"collection":[{"href":"https:\/\/sites.ffkarate.fr\/hautegaronne\/wp-json\/wp\/v2\/posts"}],"about":[{"href":"https:\/\/sites.ffkarate.fr\/hautegaronne\/wp-json\/wp\/v2\/types\/post"}],"author":[{"embeddable":true,"href":"https:\/\/sites.ffkarate.fr\/hautegaronne\/wp-json\/wp\/v2\/users\/159"}],"replies":[{"embeddable":true,"href":"https:\/\/sites.ffkarate.fr\/hautegaronne\/wp-json\/wp\/v2\/comments?post=1700"}],"version-history":[{"count":0,"href":"https:\/\/sites.ffkarate.fr\/hautegaronne\/wp-json\/wp\/v2\/posts\/1700\/revisions"}],"wp:featuredmedia":[{"embeddable":true,"href":"https:\/\/sites.ffkarate.fr\/hautegaronne\/wp-json\/wp\/v2\/media\/1717"}],"wp:attachment":[{"href":"https:\/\/sites.ffkarate.fr\/hautegaronne\/wp-json\/wp\/v2\/media?parent=1700"}],"wp:term":[{"taxonomy":"category","embeddable":true,"href":"https:\/\/sites.ffkarate.fr\/hautegaronne\/wp-json\/wp\/v2\/categories?post=1700"},{"taxonomy":"post_tag","embeddable":true,"href":"https:\/\/sites.ffkarate.fr\/hautegaronne\/wp-json\/wp\/v2\/tags?post=1700"}],"curies":[{"name":"wp","href":"https:\/\/api.w.org\/{rel}","templated":true}]}}