{"id":1704,"date":"2019-04-18T18:22:36","date_gmt":"2019-04-18T16:22:36","guid":{"rendered":"https:\/\/sites.ffkarate.fr\/hautegaronne\/?post_type=news&amp;p=1704"},"modified":"2019-04-18T18:22:36","modified_gmt":"2019-04-18T16:22:36","slug":"12-mai-coupe-valera-karate-contact-karate-light-contact-karate-mix","status":"publish","type":"post","link":"https:\/\/sites.ffkarate.fr\/hautegaronne\/2019\/04\/18\/12-mai-coupe-valera-karate-contact-karate-light-contact-karate-mix\/","title":{"rendered":"12 MAI : COUPE VALERA Karate Contact \/ Karate Light Contact \/ Karate Mix"},"content":{"rendered":"<div class=\"wpb-content-wrapper\"><p>[vc_row][vc_column][vc_column_text]<a href=\"https:\/\/sites.ffkarate.fr\/hautegaronne\/wp-content\/uploads\/sites\/25\/2019\/04\/Affiche_Coupe_Valera.jpeg\"><img decoding=\"async\" class=\"alignnone wp-image-1652 size-medium\" src=\"https:\/\/sites.ffkarate.fr\/hautegaronne\/wp-content\/uploads\/sites\/25\/2019\/04\/Affiche_Coupe_Valera-210x300.jpeg\" alt=\"Affiche_Coupe_Valera\" width=\"210\" height=\"300\" \/><\/a><\/p>\n<p><!--more--><\/p>\n<p><a href=\"https:\/\/sites.ffkarate.fr\/hautegaronne\/wp-content\/uploads\/sites\/25\/2019\/05\/Podium_Valera_20190512_151138.jpg\"><img decoding=\"async\" class=\"alignnone size-large wp-image-1729\" src=\"https:\/\/sites.ffkarate.fr\/hautegaronne\/wp-content\/uploads\/sites\/25\/2019\/05\/Podium_Valera_20190512_151138-1024x498.jpg\" alt=\"Podium_Valera_20190512_151138\" width=\"640\" height=\"311\" \/><\/a><\/p>\n<p>La Coupe Val\u00e9ra s&rsquo;est d\u00e9roul\u00e9e le 12 mai 2019 dernier \u00e0 Roques.<\/p>\n<p>Vous pouvez acc\u00e9der au programme sur le Calendrier, ou en cliquant <a href=\"http:\/\/Coupe_dominique_valera_modifie.pdf\" target=\"_blank\" rel=\"noopener\">sur le lien.<\/a><\/p>\n<p>Les photos de cette manifestation sont disponibles en cliquant sur le lien <a href=\"https:\/\/photos.google.com\/share\/AF1QipPZrFjK7mwRVRbXQN3FYxYrdNunaghMd4YwN0E_83VJdCNMSixFLHmCv4pSEooQLw?key=Q010OGtLZkFKZ3dDNE5BdGJBcVBHb3J1aGpzUzhn\" target=\"_blank\" rel=\"noopener\">ALBUM<\/a>[\/vc_column_text][\/vc_column][\/vc_row]<\/p>\n<\/div>","protected":false},"excerpt":{"rendered":"<p>[vc_row][vc_column][vc_column_text]<\/p>\n","protected":false},"author":159,"featured_media":1729,"comment_status":"closed","ping_status":"closed","sticky":false,"template":"","format":"standard","meta":{"footnotes":""},"categories":[1],"tags":[],"class_list":["post-1704","post","type-post","status-publish","format-standard","hentry","category-non-classe"],"_links":{"self":[{"href":"https:\/\/sites.ffkarate.fr\/hautegaronne\/wp-json\/wp\/v2\/posts\/1704","targetHints":{"allow":["GET"]}}],"collection":[{"href":"https:\/\/sites.ffkarate.fr\/hautegaronne\/wp-json\/wp\/v2\/posts"}],"about":[{"href":"https:\/\/sites.ffkarate.fr\/hautegaronne\/wp-json\/wp\/v2\/types\/post"}],"author":[{"embeddable":true,"href":"https:\/\/sites.ffkarate.fr\/hautegaronne\/wp-json\/wp\/v2\/users\/159"}],"replies":[{"embeddable":true,"href":"https:\/\/sites.ffkarate.fr\/hautegaronne\/wp-json\/wp\/v2\/comments?post=1704"}],"version-history":[{"count":0,"href":"https:\/\/sites.ffkarate.fr\/hautegaronne\/wp-json\/wp\/v2\/posts\/1704\/revisions"}],"wp:featuredmedia":[{"embeddable":true,"href":"https:\/\/sites.ffkarate.fr\/hautegaronne\/wp-json\/wp\/v2\/media\/1729"}],"wp:attachment":[{"href":"https:\/\/sites.ffkarate.fr\/hautegaronne\/wp-json\/wp\/v2\/media?parent=1704"}],"wp:term":[{"taxonomy":"category","embeddable":true,"href":"https:\/\/sites.ffkarate.fr\/hautegaronne\/wp-json\/wp\/v2\/categories?post=1704"},{"taxonomy":"post_tag","embeddable":true,"href":"https:\/\/sites.ffkarate.fr\/hautegaronne\/wp-json\/wp\/v2\/tags?post=1704"}],"curies":[{"name":"wp","href":"https:\/\/api.w.org\/{rel}","templated":true}]}}