{"id":1724,"date":"2019-05-09T16:54:00","date_gmt":"2019-05-09T14:54:00","guid":{"rendered":"https:\/\/sites.ffkarate.fr\/hautegaronne\/?post_type=news&amp;p=1724"},"modified":"2019-05-09T16:54:00","modified_gmt":"2019-05-09T14:54:00","slug":"30-juin-ag-election-representants-des-clubs-haute-garonne-aux-ag-de-la-federation-et-de-la-lr-occitanie","status":"publish","type":"post","link":"https:\/\/sites.ffkarate.fr\/hautegaronne\/2019\/05\/09\/30-juin-ag-election-representants-des-clubs-haute-garonne-aux-ag-de-la-federation-et-de-la-lr-occitanie\/","title":{"rendered":"30 JUIN : AG \u00c9lection repr\u00e9sentants des clubs Haute-Garonne aux AG de la F\u00e9d\u00e9ration et de la LR Occitanie"},"content":{"rendered":"<div class=\"wpb-content-wrapper\"><p>[vc_row][vc_column][vc_column_text]<a href=\"https:\/\/sites.ffkarate.fr\/hautegaronne\/wp-content\/uploads\/sites\/25\/2018\/07\/candidatures.jpg\"><img decoding=\"async\" class=\"alignnone size-full wp-image-1186\" src=\"https:\/\/sites.ffkarate.fr\/hautegaronne\/wp-content\/uploads\/sites\/25\/2018\/07\/candidatures.jpg\" alt=\"candidatures\" width=\"615\" height=\"228\" \/><\/a><\/p>\n<p><!--more--><\/p>\n<p>Mesdames, Messieurs, Ch\u00e8res Pr\u00e9sidentes, Chers Pr\u00e9sidents,<\/p>\n<p>J\u2019ai le plaisir de vous inviter \u00e0 l\u2019Assembl\u00e9e G\u00e9n\u00e9rale pour \u00e9lire les repr\u00e9sentants des clubs Haute-Garonne aux AG de la F\u00e9d\u00e9ration et de la LR Occitanie le dimanche <span style=\"text-decoration: underline\"><strong>30 Juin 2019<\/strong><\/span>, \u00e0 9h00, au si\u00e8ge du <span style=\"text-decoration: underline\"><strong>Comit\u00e9 D\u00e9partemental de Karat\u00e9 et Disciplines Associ\u00e9es de la Haute-Garonne<\/strong><\/span><br \/>\n7, rue Andr\u00e9 Citro\u00ebn<br \/>\n31130 BALMA<\/p>\n<p>Vous trouverez le <strong>formulaire de candidature<\/strong> et le <strong>mandat\u00a0<\/strong>en cliquant sur les liens :<\/p>\n<ul>\n<li><a href=\"https:\/\/sites.ffkarate.fr\/hautegaronne\/wp-content\/uploads\/sites\/25\/2019\/05\/Formulaire-type-pour-les-repr\u00e9sentants-des-clubs-aux-AG-de-la-f\u00e9d\u00e9ration....pdf\" target=\"_blank\" rel=\"noopener\">Formulaire de candidature<\/a>,<\/li>\n<li><a href=\"https:\/\/sites.ffkarate.fr\/hautegaronne\/wp-content\/uploads\/sites\/25\/2019\/05\/Mandat-AG.pdf\" target=\"_blank\" rel=\"noopener\">Mandat AG<\/a><\/li>\n<\/ul>\n<p>Pour \u00eatre candidat, il faut obligatoirement 3 licences, cons\u00e9cutives ou non, de la FFKDA dont celle de la saison sportive en cours.<\/p>\n<p>Date limite pour l\u2019envoi des candidatures : <span style=\"text-decoration: underline\"><strong>20 jours francs avant les \u00e9lections<\/strong><\/span>, cachet de la poste faisant foi. Le formulaire doit \u00eatre adress\u00e9 au Comit\u00e9 D\u00e9partemental de Karat\u00e9 et Disciplines Associ\u00e9es de la Haute-Garonne (adresse ci-dessus) par lettre RAR ou remis contre r\u00e9c\u00e9piss\u00e9 \u00e0 cette m\u00eame adresse.<\/p>\n<p>Amicalement,<\/p>\n<p>Anicet KOUNOUGOUS<br \/>\nPr\u00e9sident du Comit\u00e9 d\u00e9partemental de Karat\u00e9 et Disciplines associ\u00e9es de la Haute-Garonne[\/vc_column_text][\/vc_column][\/vc_row]<\/p>\n<\/div>","protected":false},"excerpt":{"rendered":"<p>[vc_row][vc_column][vc_column_text]<\/p>\n","protected":false},"author":159,"featured_media":1186,"comment_status":"closed","ping_status":"closed","sticky":false,"template":"","format":"standard","meta":{"footnotes":""},"categories":[1],"tags":[],"class_list":["post-1724","post","type-post","status-publish","format-standard","hentry","category-non-classe"],"_links":{"self":[{"href":"https:\/\/sites.ffkarate.fr\/hautegaronne\/wp-json\/wp\/v2\/posts\/1724","targetHints":{"allow":["GET"]}}],"collection":[{"href":"https:\/\/sites.ffkarate.fr\/hautegaronne\/wp-json\/wp\/v2\/posts"}],"about":[{"href":"https:\/\/sites.ffkarate.fr\/hautegaronne\/wp-json\/wp\/v2\/types\/post"}],"author":[{"embeddable":true,"href":"https:\/\/sites.ffkarate.fr\/hautegaronne\/wp-json\/wp\/v2\/users\/159"}],"replies":[{"embeddable":true,"href":"https:\/\/sites.ffkarate.fr\/hautegaronne\/wp-json\/wp\/v2\/comments?post=1724"}],"version-history":[{"count":0,"href":"https:\/\/sites.ffkarate.fr\/hautegaronne\/wp-json\/wp\/v2\/posts\/1724\/revisions"}],"wp:featuredmedia":[{"embeddable":true,"href":"https:\/\/sites.ffkarate.fr\/hautegaronne\/wp-json\/wp\/v2\/media\/1186"}],"wp:attachment":[{"href":"https:\/\/sites.ffkarate.fr\/hautegaronne\/wp-json\/wp\/v2\/media?parent=1724"}],"wp:term":[{"taxonomy":"category","embeddable":true,"href":"https:\/\/sites.ffkarate.fr\/hautegaronne\/wp-json\/wp\/v2\/categories?post=1724"},{"taxonomy":"post_tag","embeddable":true,"href":"https:\/\/sites.ffkarate.fr\/hautegaronne\/wp-json\/wp\/v2\/tags?post=1724"}],"curies":[{"name":"wp","href":"https:\/\/api.w.org\/{rel}","templated":true}]}}