{"id":1878,"date":"2019-09-19T19:18:03","date_gmt":"2019-09-19T17:18:03","guid":{"rendered":"https:\/\/sites.ffkarate.fr\/hautegaronne\/?post_type=news&amp;p=1878"},"modified":"2019-09-19T19:18:03","modified_gmt":"2019-09-19T17:18:03","slug":"stage-multi-disciplines-gratuit-pour-les-adultes","status":"publish","type":"post","link":"https:\/\/sites.ffkarate.fr\/hautegaronne\/2019\/09\/19\/stage-multi-disciplines-gratuit-pour-les-adultes\/","title":{"rendered":"Stage multi-disciplines gratuit pour les adultes."},"content":{"rendered":"<div class=\"wpb-content-wrapper\"><p>[vc_row][vc_column][vc_column_text]<span class=\"_5mfr\"><span class=\"_6qdm\">\ud83d\udde3<\/span><\/span>\u00a0Le Comit\u00e9 D\u00e9partemental Karat\u00e9 et Disciplines Associ\u00e9es de la Haute-Garonne organise un stage multi-disciplines gratuit pour les adultes.<\/p>\n<p><!--more--><\/p>\n<p><span class=\"_5mfr\"><span class=\"_6qdm\">\ud83d\udcc6<\/span><\/span>\u00a0DIMANCHE 29 Septe<span class=\"text_exposed_show\">mbre 2019<\/span><\/p>\n<div class=\"text_exposed_show\">\n<p><span class=\"_5mfr\"><span class=\"_6qdm\">\ud83d\udd58<\/span><\/span>\u00a09h \u00e0 12h et de 14h \u00e0 16h30<\/p>\n<p><span class=\"_5mfr\"><span class=\"_6qdm\">\ud83d\udccc<\/span><\/span>\u00a0Gymnase de la Gare, 4 Avenue de la Gare<br \/>\n31120 ROQUES SUR GARONNE<\/p>\n<p><span class=\"_5mfr\"><span class=\"_6qdm\">\u26a0\ufe0f<\/span><\/span>\u00a0IMPORTANT : la licence f\u00e9d\u00e9rale est obligatoire.<\/p>\n<p><span class=\"_5mfr\"><span class=\"_6qdm\">\ud83d\udc68\u200d\ud83d\udcbc<\/span><\/span>\u00a0Huit intervenants prendront le plaisir de vous faire d\u00e9couvrir leur discipline :<\/p>\n<p>&#8211;\u00a0<a class=\"profileLink\" title=\"Christian Ganot\" href=\"https:\/\/www.facebook.com\/christian.ganot?__tn__=KH-R&amp;eid=ARCgVvu5lNOwC9TnSjPXDfmDghbxmtadArK3kdlVYg7dNwuL8Eo4lsP3HESYut_CqC1QmyQVZF5SsAbG&amp;fref=mentions&amp;__xts__%5B0%5D=68.ARCBlHZHL9xbwRVN6fH0Jx0p9a5kczbiBHYCXscY2ITwHv7CLh7EKlbpceHWp_jJtu1M9OtITuFKbHpGyLcinCCa5X0XytKpySyHy7Z_ld4Es3CnSptLlSa8omR60xkKECzEif3rnhApKTUG-xtOLjCK-xke_ItaKU9ifx7mqIQf1_KUMcEaFDr-v_ldlyNPKos-EX2R7syPoQ4sNvFtdSWeYoLQfarLKTMD1yaxMwnfwsSHAtKp8k9phJ7B3RLqvZX_NjYWaxrb9A28QbGv6Kw27M4oky_EQJdjtdHKxWh_DPWQB2reeyMiKTilmLR2lSNUqGzGHrVHqeIF0HjUSX9g\" target=\"_blank\" rel=\"noopener\">Christian Ganot<\/a>\u00a0: Karat\u00e9<br \/>\n&#8211;\u00a0<a class=\"profileLink\" title=\"Momo Krav Maga\" href=\"https:\/\/www.facebook.com\/momo65700?__tn__=KH-R&amp;eid=ARDh2EmUfOrioVV0C6FPmTi5VEs-Y3PU79ZJ0nQ-zGMcwtJPto9emyNbQXjl7jAhh1Zma_VAT-weSEQR&amp;fref=mentions&amp;__xts__%5B0%5D=68.ARCBlHZHL9xbwRVN6fH0Jx0p9a5kczbiBHYCXscY2ITwHv7CLh7EKlbpceHWp_jJtu1M9OtITuFKbHpGyLcinCCa5X0XytKpySyHy7Z_ld4Es3CnSptLlSa8omR60xkKECzEif3rnhApKTUG-xtOLjCK-xke_ItaKU9ifx7mqIQf1_KUMcEaFDr-v_ldlyNPKos-EX2R7syPoQ4sNvFtdSWeYoLQfarLKTMD1yaxMwnfwsSHAtKp8k9phJ7B3RLqvZX_NjYWaxrb9A28QbGv6Kw27M4oky_EQJdjtdHKxWh_DPWQB2reeyMiKTilmLR2lSNUqGzGHrVHqeIF0HjUSX9g\" target=\"_blank\" rel=\"noopener\">Momo Krav Maga<\/a>\u00a0: Krav Maga<br \/>\n&#8211; Alain Bonadei : Karat\u00e9 Full Contact<br \/>\n&#8211;\u00a0<a class=\"profileLink\" title=\"Fa Miri\" href=\"https:\/\/www.facebook.com\/profile.php?id=100008706938707&amp;__tn__=KH-R&amp;eid=ARBwAr8nbwKkRlfrdkoYRO4QHalSglv60L-TMXBgSWGqlt6782GAg8ppxGQX2mEb8SziJsgF2phIJuc3&amp;fref=mentions&amp;__xts__%5B0%5D=68.ARCBlHZHL9xbwRVN6fH0Jx0p9a5kczbiBHYCXscY2ITwHv7CLh7EKlbpceHWp_jJtu1M9OtITuFKbHpGyLcinCCa5X0XytKpySyHy7Z_ld4Es3CnSptLlSa8omR60xkKECzEif3rnhApKTUG-xtOLjCK-xke_ItaKU9ifx7mqIQf1_KUMcEaFDr-v_ldlyNPKos-EX2R7syPoQ4sNvFtdSWeYoLQfarLKTMD1yaxMwnfwsSHAtKp8k9phJ7B3RLqvZX_NjYWaxrb9A28QbGv6Kw27M4oky_EQJdjtdHKxWh_DPWQB2reeyMiKTilmLR2lSNUqGzGHrVHqeIF0HjUSX9g\" target=\"_blank\" rel=\"noopener\">Fa Miri<\/a>\u00a0: Karat\u00e9 Contact<br \/>\n&#8211;\u00a0<a class=\"profileLink\" title=\"Phil Le Franc\" href=\"https:\/\/www.facebook.com\/phil.lefranc?__tn__=KH-R&amp;eid=ARDWqEHUKhA8PFN3utdzOjgOTd0Quw4sjtqfZriDcCQM99IRpx3e27fFbDDxJfGgRgYITA2cfRdRc43X&amp;fref=mentions&amp;__xts__%5B0%5D=68.ARCBlHZHL9xbwRVN6fH0Jx0p9a5kczbiBHYCXscY2ITwHv7CLh7EKlbpceHWp_jJtu1M9OtITuFKbHpGyLcinCCa5X0XytKpySyHy7Z_ld4Es3CnSptLlSa8omR60xkKECzEif3rnhApKTUG-xtOLjCK-xke_ItaKU9ifx7mqIQf1_KUMcEaFDr-v_ldlyNPKos-EX2R7syPoQ4sNvFtdSWeYoLQfarLKTMD1yaxMwnfwsSHAtKp8k9phJ7B3RLqvZX_NjYWaxrb9A28QbGv6Kw27M4oky_EQJdjtdHKxWh_DPWQB2reeyMiKTilmLR2lSNUqGzGHrVHqeIF0HjUSX9g\" target=\"_blank\" rel=\"noopener\">Phil Le Franc<\/a>\u00a0: Nihon Tai-jitsu<br \/>\n&#8211;\u00a0<a class=\"profileLink\" title=\"Cyril Sandre Vovinam\" href=\"https:\/\/www.facebook.com\/profile.php?id=100009554234809&amp;__tn__=KH-R&amp;eid=ARDG_WAxlLqmMd5HIkVbJZ1wOH3CWROkuOnsL1WPzm5F2AIrvsukRRP7cA8_P9nRTBuKMNIZ-VVoy2ao&amp;fref=mentions&amp;__xts__%5B0%5D=68.ARCBlHZHL9xbwRVN6fH0Jx0p9a5kczbiBHYCXscY2ITwHv7CLh7EKlbpceHWp_jJtu1M9OtITuFKbHpGyLcinCCa5X0XytKpySyHy7Z_ld4Es3CnSptLlSa8omR60xkKECzEif3rnhApKTUG-xtOLjCK-xke_ItaKU9ifx7mqIQf1_KUMcEaFDr-v_ldlyNPKos-EX2R7syPoQ4sNvFtdSWeYoLQfarLKTMD1yaxMwnfwsSHAtKp8k9phJ7B3RLqvZX_NjYWaxrb9A28QbGv6Kw27M4oky_EQJdjtdHKxWh_DPWQB2reeyMiKTilmLR2lSNUqGzGHrVHqeIF0HjUSX9g\" target=\"_blank\" rel=\"noopener\">Cyril Sandre Vovinam<\/a>\u00a0: AMV<br \/>\n&#8211;\u00a0<a class=\"profileLink\" title=\"David Nada\" href=\"https:\/\/www.facebook.com\/david.nada.330?__tn__=KH-R&amp;eid=ARChzQwWfTuBvwALMsp8PcDgSQeDXs9vXpAMnbnDMP-V9x7OebThCPPGyRXLVNfpBQOmcFBdC75BmPE4&amp;fref=mentions&amp;__xts__%5B0%5D=68.ARCBlHZHL9xbwRVN6fH0Jx0p9a5kczbiBHYCXscY2ITwHv7CLh7EKlbpceHWp_jJtu1M9OtITuFKbHpGyLcinCCa5X0XytKpySyHy7Z_ld4Es3CnSptLlSa8omR60xkKECzEif3rnhApKTUG-xtOLjCK-xke_ItaKU9ifx7mqIQf1_KUMcEaFDr-v_ldlyNPKos-EX2R7syPoQ4sNvFtdSWeYoLQfarLKTMD1yaxMwnfwsSHAtKp8k9phJ7B3RLqvZX_NjYWaxrb9A28QbGv6Kw27M4oky_EQJdjtdHKxWh_DPWQB2reeyMiKTilmLR2lSNUqGzGHrVHqeIF0HjUSX9g\" target=\"_blank\" rel=\"noopener\">David Nada<\/a>\u00a0: Yoseikan Budo<br \/>\n&#8211;\u00a0<a class=\"profileLink\" title=\"Dan Bertrand\" href=\"https:\/\/www.facebook.com\/dan.bertrand.3990?__tn__=KH-R&amp;eid=ARAJWgrcArhKcPh8uvOH7OUKsiEgkFNOO2pC5Ct5U1dBNdMRYd8_hdAANf9B1eLxAXroTZ0-ncsz575Q&amp;fref=mentions&amp;__xts__%5B0%5D=68.ARCBlHZHL9xbwRVN6fH0Jx0p9a5kczbiBHYCXscY2ITwHv7CLh7EKlbpceHWp_jJtu1M9OtITuFKbHpGyLcinCCa5X0XytKpySyHy7Z_ld4Es3CnSptLlSa8omR60xkKECzEif3rnhApKTUG-xtOLjCK-xke_ItaKU9ifx7mqIQf1_KUMcEaFDr-v_ldlyNPKos-EX2R7syPoQ4sNvFtdSWeYoLQfarLKTMD1yaxMwnfwsSHAtKp8k9phJ7B3RLqvZX_NjYWaxrb9A28QbGv6Kw27M4oky_EQJdjtdHKxWh_DPWQB2reeyMiKTilmLR2lSNUqGzGHrVHqeIF0HjUSX9g\" target=\"_blank\" rel=\"noopener\">Dan Bertrand<\/a>\u00a0: Penchak Silat<\/p>\n<p>Une conf\u00e9rence en pr\u00e9paration mentale au sport du combat sera initi\u00e9e par Monsieur Jean-Pierre FETIS Ancien commandant fonctionnel de police.<\/p>\n<p><span class=\"_5mfr\"><span class=\"_6qdm\">\ud83c\udf54<\/span><\/span><span class=\"_5mfr\"><span class=\"_6qdm\">\ud83e\udd57<\/span><\/span>\u00a0Le Stage sera suivi d\u2019un repas convivial (participation de 10 Euros).<br \/>\nPour le repas, les pr\u00e9-inscriptions sont \u00e0 faire aupr\u00e8s du Secr\u00e9tariat du CDKDA31 :<\/p>\n<p>05 61 58 34 31<br \/>\ncdkda31@ffkarate.fr<br \/>\nVenez d\u00e9couvrir la diversit\u00e9 de notre f\u00e9d\u00e9ration !<\/p>\n<\/div>\n<p><a href=\"https:\/\/sites.ffkarate.fr\/hautegaronne\/wp-content\/uploads\/sites\/25\/2019\/09\/71170079_874601329587497_2380867218767347712_n.jpg\"><img decoding=\"async\" class=\"alignnone size-full wp-image-1879\" src=\"https:\/\/sites.ffkarate.fr\/hautegaronne\/wp-content\/uploads\/sites\/25\/2019\/09\/71170079_874601329587497_2380867218767347712_n.jpg\" alt=\"71170079_874601329587497_2380867218767347712_n\" width=\"679\" height=\"960\" \/><\/a>[\/vc_column_text][\/vc_column][\/vc_row]<\/p>\n<\/div>","protected":false},"excerpt":{"rendered":"<p>[vc_row][vc_column][vc_column_text]\ud83d\udde3\u00a0Le Comit\u00e9 D\u00e9partemental Karat\u00e9 et Disciplines Associ\u00e9es de la Haute-Garonne organise un stage multi-disciplines gratuit pour les adultes.<\/p>\n","protected":false},"author":159,"featured_media":1879,"comment_status":"closed","ping_status":"closed","sticky":false,"template":"","format":"standard","meta":{"footnotes":""},"categories":[1],"tags":[],"class_list":["post-1878","post","type-post","status-publish","format-standard","hentry","category-non-classe"],"_links":{"self":[{"href":"https:\/\/sites.ffkarate.fr\/hautegaronne\/wp-json\/wp\/v2\/posts\/1878","targetHints":{"allow":["GET"]}}],"collection":[{"href":"https:\/\/sites.ffkarate.fr\/hautegaronne\/wp-json\/wp\/v2\/posts"}],"about":[{"href":"https:\/\/sites.ffkarate.fr\/hautegaronne\/wp-json\/wp\/v2\/types\/post"}],"author":[{"embeddable":true,"href":"https:\/\/sites.ffkarate.fr\/hautegaronne\/wp-json\/wp\/v2\/users\/159"}],"replies":[{"embeddable":true,"href":"https:\/\/sites.ffkarate.fr\/hautegaronne\/wp-json\/wp\/v2\/comments?post=1878"}],"version-history":[{"count":0,"href":"https:\/\/sites.ffkarate.fr\/hautegaronne\/wp-json\/wp\/v2\/posts\/1878\/revisions"}],"wp:featuredmedia":[{"embeddable":true,"href":"https:\/\/sites.ffkarate.fr\/hautegaronne\/wp-json\/wp\/v2\/media\/1879"}],"wp:attachment":[{"href":"https:\/\/sites.ffkarate.fr\/hautegaronne\/wp-json\/wp\/v2\/media?parent=1878"}],"wp:term":[{"taxonomy":"category","embeddable":true,"href":"https:\/\/sites.ffkarate.fr\/hautegaronne\/wp-json\/wp\/v2\/categories?post=1878"},{"taxonomy":"post_tag","embeddable":true,"href":"https:\/\/sites.ffkarate.fr\/hautegaronne\/wp-json\/wp\/v2\/tags?post=1878"}],"curies":[{"name":"wp","href":"https:\/\/api.w.org\/{rel}","templated":true}]}}