{"id":2459,"date":"2020-10-18T21:30:58","date_gmt":"2020-10-18T19:30:58","guid":{"rendered":"https:\/\/sites.ffkarate.fr\/hautegaronne\/?post_type=news&amp;p=2459"},"modified":"2020-10-18T21:30:58","modified_gmt":"2020-10-18T19:30:58","slug":"open-adidas","status":"publish","type":"post","link":"https:\/\/sites.ffkarate.fr\/hautegaronne\/2020\/10\/18\/open-adidas\/","title":{"rendered":"Open Adidas"},"content":{"rendered":"<div class=\"wpb-content-wrapper\"><p>[vc_row][vc_column][vc_column_text]<a href=\"https:\/\/sites.ffkarate.fr\/hautegaronne\/wp-content\/uploads\/sites\/52\/2020\/10\/Open_Adidas.jpg\"><img decoding=\"async\" class=\"alignnone wp-image-2461 size-large\" src=\"https:\/\/sites.ffkarate.fr\/hautegaronne\/wp-content\/uploads\/sites\/52\/2020\/10\/Open_Adidas-1024x495.jpg\" alt=\"Open_Adidas\" width=\"640\" height=\"309\" \/><\/a><\/p>\n<p>L\u2019<a href=\"https:\/\/www.ffkarate.fr\/calendrier\/open-adidas-combats-mcjs\/\" target=\"_blank\" rel=\"noopener\">Open Adidas<\/a>, 1\u00e8re comp\u00e9tition FFK de la saison, s\u2019est d\u00e9roul\u00e9 ce samedi 17 et dimanche 18 octobre 2020 au <a href=\"https:\/\/fr.wikipedia.org\/wiki\/Le_Grand_D\u00f4me\" target=\"_blank\" rel=\"noopener\">Grand D\u00f4me<\/a> dans l\u2019Essonne (91) \u00e0 Villebon-sur-Yvette, \u00e0 21km de la Porte d\u2019Orl\u00e9ans, au sud de Paris.<\/p>\n<p>Un grand BRAVO\u00a0\u00e0 toute l\u2019\u00e9quipe d\u2019Impact Karat\u00e9 31\u00a0!<\/p>\n<p>Et \u00e0 ses comp\u00e9titeurs,<\/p>\n<p>Thomas ERNWEIN pour sa M\u00e9daille d\u2019Or,<\/p>\n<p>Lily GOURMEL pour sa M\u00e9daille de Bronze,<\/p>\n<p>Leurs coachs Johan et Sandrine GUET.<\/p>\n<p><strong><a href=\"https:\/\/www.ffkarate.fr\/calendrier\/open-adidas-combats-mcjs\/\" target=\"_blank\" rel=\"noopener\">Infos et r\u00e9sultats<\/a><\/strong><\/p>\n<p><strong><a href=\"https:\/\/www.ffkarate.fr\/mediatheque\/open-adidas-2020\/\" target=\"_blank\" rel=\"noopener\">Galerie Photos<\/a><\/strong><\/p>\n<p><a href=\"https:\/\/sites.ffkarate.fr\/hautegaronne\/wp-content\/uploads\/sites\/52\/2020\/10\/Impact_Karate_31_Open_adidas.jpg\"><img decoding=\"async\" class=\"alignnone wp-image-2460 size-large\" src=\"https:\/\/sites.ffkarate.fr\/hautegaronne\/wp-content\/uploads\/sites\/52\/2020\/10\/Impact_Karate_31_Open_adidas-1024x844.jpg\" alt=\"Impact_Karate_31_Open_adidas\" width=\"640\" height=\"528\" \/><\/a><\/p>\n<p>Un grand BRAVO \u00e0 Julia DESESQUELLES du Club de Saint Jory et\u00a0aux arbitres qui ont permis le bon d\u00e9roulement de la comp\u00e9tition dans ce contexte particulier li\u00e9 \u00e0 la Covid 19.<\/p>\n<p><a href=\"https:\/\/sites.ffkarate.fr\/hautegaronne\/wp-content\/uploads\/sites\/52\/2020\/10\/B61I0784-scaled-1.jpg\"><img decoding=\"async\" class=\"alignnone wp-image-2464 size-large\" src=\"https:\/\/sites.ffkarate.fr\/hautegaronne\/wp-content\/uploads\/sites\/52\/2020\/10\/B61I0784-scaled-1-1024x683.jpg\" alt=\"B61I0784-scaled\" width=\"640\" height=\"427\" \/><\/a>[\/vc_column_text][\/vc_column][\/vc_row]<\/p>\n<\/div>","protected":false},"excerpt":{"rendered":"<p>[vc_row][vc_column][vc_column_text] L\u2019Open Adidas, 1\u00e8re comp\u00e9tition FFK de la saison, s\u2019est d\u00e9roul\u00e9 ce samedi 17 et dimanche 18 octobre 2020 au Grand D\u00f4me dans l\u2019Essonne (91) \u00e0 Villebon-sur-Yvette, \u00e0 21km de la Porte d\u2019Orl\u00e9ans, au sud de Paris. Un grand BRAVO\u00a0\u00e0 toute l\u2019\u00e9quipe d\u2019Impact Karat\u00e9 31\u00a0! Et \u00e0 ses comp\u00e9titeurs, Thomas ERNWEIN pour sa M\u00e9daille d\u2019Or, [&hellip;]<\/p>\n","protected":false},"author":159,"featured_media":2461,"comment_status":"closed","ping_status":"closed","sticky":false,"template":"","format":"standard","meta":{"footnotes":""},"categories":[1],"tags":[],"class_list":["post-2459","post","type-post","status-publish","format-standard","hentry","category-non-classe"],"_links":{"self":[{"href":"https:\/\/sites.ffkarate.fr\/hautegaronne\/wp-json\/wp\/v2\/posts\/2459","targetHints":{"allow":["GET"]}}],"collection":[{"href":"https:\/\/sites.ffkarate.fr\/hautegaronne\/wp-json\/wp\/v2\/posts"}],"about":[{"href":"https:\/\/sites.ffkarate.fr\/hautegaronne\/wp-json\/wp\/v2\/types\/post"}],"author":[{"embeddable":true,"href":"https:\/\/sites.ffkarate.fr\/hautegaronne\/wp-json\/wp\/v2\/users\/159"}],"replies":[{"embeddable":true,"href":"https:\/\/sites.ffkarate.fr\/hautegaronne\/wp-json\/wp\/v2\/comments?post=2459"}],"version-history":[{"count":0,"href":"https:\/\/sites.ffkarate.fr\/hautegaronne\/wp-json\/wp\/v2\/posts\/2459\/revisions"}],"wp:featuredmedia":[{"embeddable":true,"href":"https:\/\/sites.ffkarate.fr\/hautegaronne\/wp-json\/wp\/v2\/media\/2461"}],"wp:attachment":[{"href":"https:\/\/sites.ffkarate.fr\/hautegaronne\/wp-json\/wp\/v2\/media?parent=2459"}],"wp:term":[{"taxonomy":"category","embeddable":true,"href":"https:\/\/sites.ffkarate.fr\/hautegaronne\/wp-json\/wp\/v2\/categories?post=2459"},{"taxonomy":"post_tag","embeddable":true,"href":"https:\/\/sites.ffkarate.fr\/hautegaronne\/wp-json\/wp\/v2\/tags?post=2459"}],"curies":[{"name":"wp","href":"https:\/\/api.w.org\/{rel}","templated":true}]}}