{"id":3367,"date":"2021-10-19T21:38:22","date_gmt":"2021-10-19T19:38:22","guid":{"rendered":"https:\/\/sites.ffkarate.fr\/hautegaronne\/?p=3367"},"modified":"2021-10-21T16:00:30","modified_gmt":"2021-10-21T14:00:30","slug":"stage-technique-departemental-de-vovinam","status":"publish","type":"post","link":"https:\/\/sites.ffkarate.fr\/hautegaronne\/2021\/10\/19\/stage-technique-departemental-de-vovinam\/","title":{"rendered":"Stage technique d\u00e9partemental de Vovinam"},"content":{"rendered":"<div class=\"wpb-content-wrapper\"><p>[vc_row][vc_column][vc_column_text]<\/p>\n<h3>Stage gratuit ouvert aux licenci\u00e9s FFKARATE et DA<\/h3>\n<p><strong>\ud83d\udcc5 Dates :<\/strong><\/p>\n<ul>\n<li>Samedi 20 novembre 10h\/18h<\/li>\n<li>Dimanche 21 novembre 9h\/12h<\/li>\n<\/ul>\n<p><!--more--><\/p>\n<p><strong>\ud83d\udccc Lieu :<\/strong> AUTERIVE, Complexe sportif du coll\u00e8ge, Avenue d&rsquo;Hermannsburg<\/p>\n<p><strong><span data-offset-key=\"1vlr6-0-0\">\ud83d\udc49<\/span> Programme :<\/strong><\/p>\n<ul>\n<li>Samedi 10h\/12 et 16h\/18h<br \/>\nDimanche 9h\/12h<br \/>\nTravail sp\u00e9cifique du programme Vovinam.<\/li>\n<li>Samedi 14h\/16h<br \/>\nTravail du combat r\u00e8glementation Vovinam.<\/li>\n<li>Samedi 16h \u00e0 18h stage ouvert aux enfants.<\/li>\n<\/ul>\n<p><strong>\ud83e\udd4b Intervenants :<\/strong><\/p>\n<ul>\n<li>Patricia Klein 5\u00e8me Dang<\/li>\n<li>J\u00e9r\u00f4me Taisant 5\u00e8me Dang<\/li>\n<li>Cyril Sandr\u00e9 5\u00e8me Dang<\/li>\n<li>Toni Morales 4\u00e8me Dang<\/li>\n<li>Didier Burgan 4\u00e8me Dang<\/li>\n<li>Marc Roda 4\u00e8me Dang<\/li>\n<\/ul>\n<p>[\/vc_column_text][\/vc_column][\/vc_row]<\/p>\n<\/div>","protected":false},"excerpt":{"rendered":"<p>[vc_row][vc_column][vc_column_text] Stage gratuit ouvert aux licenci\u00e9s FFKARATE et DA \ud83d\udcc5 Dates : Samedi 20 novembre 10h\/18h Dimanche 21 novembre 9h\/12h<\/p>\n","protected":false},"author":204,"featured_media":67,"comment_status":"open","ping_status":"open","sticky":false,"template":"","format":"standard","meta":{"footnotes":""},"categories":[5,7,19],"tags":[],"class_list":["post-3367","post","type-post","status-publish","format-standard","hentry","category-actualites","category-amv","category-stages"],"_links":{"self":[{"href":"https:\/\/sites.ffkarate.fr\/hautegaronne\/wp-json\/wp\/v2\/posts\/3367","targetHints":{"allow":["GET"]}}],"collection":[{"href":"https:\/\/sites.ffkarate.fr\/hautegaronne\/wp-json\/wp\/v2\/posts"}],"about":[{"href":"https:\/\/sites.ffkarate.fr\/hautegaronne\/wp-json\/wp\/v2\/types\/post"}],"author":[{"embeddable":true,"href":"https:\/\/sites.ffkarate.fr\/hautegaronne\/wp-json\/wp\/v2\/users\/204"}],"replies":[{"embeddable":true,"href":"https:\/\/sites.ffkarate.fr\/hautegaronne\/wp-json\/wp\/v2\/comments?post=3367"}],"version-history":[{"count":6,"href":"https:\/\/sites.ffkarate.fr\/hautegaronne\/wp-json\/wp\/v2\/posts\/3367\/revisions"}],"predecessor-version":[{"id":3381,"href":"https:\/\/sites.ffkarate.fr\/hautegaronne\/wp-json\/wp\/v2\/posts\/3367\/revisions\/3381"}],"wp:featuredmedia":[{"embeddable":true,"href":"https:\/\/sites.ffkarate.fr\/hautegaronne\/wp-json\/wp\/v2\/media\/67"}],"wp:attachment":[{"href":"https:\/\/sites.ffkarate.fr\/hautegaronne\/wp-json\/wp\/v2\/media?parent=3367"}],"wp:term":[{"taxonomy":"category","embeddable":true,"href":"https:\/\/sites.ffkarate.fr\/hautegaronne\/wp-json\/wp\/v2\/categories?post=3367"},{"taxonomy":"post_tag","embeddable":true,"href":"https:\/\/sites.ffkarate.fr\/hautegaronne\/wp-json\/wp\/v2\/tags?post=3367"}],"curies":[{"name":"wp","href":"https:\/\/api.w.org\/{rel}","templated":true}]}}