{"id":3493,"date":"2021-12-20T14:30:39","date_gmt":"2021-12-20T13:30:39","guid":{"rendered":"https:\/\/sites.ffkarate.fr\/hautegaronne\/?p=3493"},"modified":"2021-12-20T14:32:51","modified_gmt":"2021-12-20T13:32:51","slug":"interclubs-et-formation-des-jeunes-arbitres-du-departement","status":"publish","type":"post","link":"https:\/\/sites.ffkarate.fr\/hautegaronne\/2021\/12\/20\/interclubs-et-formation-des-jeunes-arbitres-du-departement\/","title":{"rendered":"Interclubs et formation des jeunes arbitres du d\u00e9partement"},"content":{"rendered":"<div class=\"wpb-content-wrapper\"><p>[vc_row][vc_column][vc_column_text]<\/p>\n<div class=\"oi9244e8 do00u71z j83agx80\"><\/div>\n<div class=\"\" dir=\"auto\">\n<div id=\"jsc_c_tk\" class=\"ecm0bbzt hv4rvrfc ihqw7lf3 dati1w0a\" data-ad-comet-preview=\"message\" data-ad-preview=\"message\">\n<div class=\"j83agx80 cbu4d94t ew0dbk1b irj2b8pg\">\n<div class=\"qzhwtbm6 knvmm38d\">\n<div class=\"kvgmc6g5 cxmmr5t8 oygrvhab hcukyx3x c1et5uql ii04i59q\">\n<div dir=\"auto\"><span class=\"pq6dq46d tbxw36s4 knj5qynh kvgmc6g5 ditlmg2l oygrvhab nvdbi5me sf5mxxl7 gl3lb2sf hhz5lgdu\"><img decoding=\"async\" src=\"https:\/\/static.xx.fbcdn.net\/images\/emoji.php\/v9\/t9b\/1.5\/16\/1f469_200d_1f3eb.png\" alt=\"\ud83d\udc69\u200d\ud83c\udfeb\" width=\"16\" height=\"16\" \/><\/span><span class=\"pq6dq46d tbxw36s4 knj5qynh kvgmc6g5 ditlmg2l oygrvhab nvdbi5me sf5mxxl7 gl3lb2sf hhz5lgdu\"><img decoding=\"async\" src=\"https:\/\/static.xx.fbcdn.net\/images\/emoji.php\/v9\/t6c\/1.5\/16\/1f9d1_200d_1f3eb.png\" alt=\"\ud83e\uddd1\u200d\ud83c\udfeb\" width=\"16\" height=\"16\" \/><\/span> Formation et entra\u00eenement d&rsquo;arbitrage pour les jeunes arbitres lors d&rsquo;un interclubs d\u00e9partemental : Fronton et Grenade .<\/div>\n<div dir=\"auto\"><\/div>\n<\/div>\n<div class=\"cxmmr5t8 oygrvhab hcukyx3x c1et5uql o9v6fnle ii04i59q\">\n<div dir=\"auto\"><span class=\"pq6dq46d tbxw36s4 knj5qynh kvgmc6g5 ditlmg2l oygrvhab nvdbi5me sf5mxxl7 gl3lb2sf hhz5lgdu\"><img decoding=\"async\" src=\"https:\/\/static.xx.fbcdn.net\/images\/emoji.php\/v9\/t15\/1.5\/16\/1f64f_1f3fc.png\" alt=\"\ud83d\ude4f\ud83c\udffc\" width=\"16\" height=\"16\" \/><\/span> Merci et bravo \u00e0 toute l&rsquo;\u00e9quipe d\u00e9partementale des arbitres qui reste disponible et motiv\u00e9e au service des clubs de la Haute-Garonne pour des comp\u00e9titions interclubs et merci aux athl\u00e8tes et clubs participants.<\/div>\n<div dir=\"auto\"><\/div>\n<\/div>\n<div class=\"cxmmr5t8 oygrvhab hcukyx3x c1et5uql o9v6fnle ii04i59q\">\n<div dir=\"auto\"><span class=\"pq6dq46d tbxw36s4 knj5qynh kvgmc6g5 ditlmg2l oygrvhab nvdbi5me sf5mxxl7 gl3lb2sf hhz5lgdu\"><img decoding=\"async\" src=\"https:\/\/static.xx.fbcdn.net\/images\/emoji.php\/v9\/t4e\/1.5\/16\/1f44a_1f3fc.png\" alt=\"\ud83d\udc4a\ud83c\udffc\" width=\"16\" height=\"16\" \/><\/span> Prochain rendez-vous mi janvier 2022 pour les comp\u00e9titions d\u00e9partementales \u00e0 la MAM de Saint-Orens.<\/div>\n<\/div>\n<\/div>\n<\/div>\n<\/div>\n<\/div>\n<p>[\/vc_column_text][vc_gallery images=\u00a0\u00bb3494,3496,3499,3500,3504,3503&Prime;][\/vc_column][\/vc_row]<\/p>\n<\/div>","protected":false},"excerpt":{"rendered":"<p>[vc_row][vc_column][vc_column_text] Formation et entra\u00eenement d&rsquo;arbitrage pour les jeunes arbitres lors d&rsquo;un interclubs d\u00e9partemental : Fronton et Grenade . Merci et bravo \u00e0 toute l&rsquo;\u00e9quipe d\u00e9partementale des arbitres qui reste disponible et motiv\u00e9e au service des clubs de la Haute-Garonne pour des comp\u00e9titions interclubs et merci aux athl\u00e8tes et clubs participants. Prochain rendez-vous mi janvier 2022 [&hellip;]<\/p>\n","protected":false},"author":204,"featured_media":3502,"comment_status":"closed","ping_status":"closed","sticky":false,"template":"","format":"standard","meta":{"footnotes":""},"categories":[8,18],"tags":[],"class_list":["post-3493","post","type-post","status-publish","format-standard","hentry","category-arbitrage","category-vie-des-clubs"],"_links":{"self":[{"href":"https:\/\/sites.ffkarate.fr\/hautegaronne\/wp-json\/wp\/v2\/posts\/3493","targetHints":{"allow":["GET"]}}],"collection":[{"href":"https:\/\/sites.ffkarate.fr\/hautegaronne\/wp-json\/wp\/v2\/posts"}],"about":[{"href":"https:\/\/sites.ffkarate.fr\/hautegaronne\/wp-json\/wp\/v2\/types\/post"}],"author":[{"embeddable":true,"href":"https:\/\/sites.ffkarate.fr\/hautegaronne\/wp-json\/wp\/v2\/users\/204"}],"replies":[{"embeddable":true,"href":"https:\/\/sites.ffkarate.fr\/hautegaronne\/wp-json\/wp\/v2\/comments?post=3493"}],"version-history":[{"count":3,"href":"https:\/\/sites.ffkarate.fr\/hautegaronne\/wp-json\/wp\/v2\/posts\/3493\/revisions"}],"predecessor-version":[{"id":3506,"href":"https:\/\/sites.ffkarate.fr\/hautegaronne\/wp-json\/wp\/v2\/posts\/3493\/revisions\/3506"}],"wp:featuredmedia":[{"embeddable":true,"href":"https:\/\/sites.ffkarate.fr\/hautegaronne\/wp-json\/wp\/v2\/media\/3502"}],"wp:attachment":[{"href":"https:\/\/sites.ffkarate.fr\/hautegaronne\/wp-json\/wp\/v2\/media?parent=3493"}],"wp:term":[{"taxonomy":"category","embeddable":true,"href":"https:\/\/sites.ffkarate.fr\/hautegaronne\/wp-json\/wp\/v2\/categories?post=3493"},{"taxonomy":"post_tag","embeddable":true,"href":"https:\/\/sites.ffkarate.fr\/hautegaronne\/wp-json\/wp\/v2\/tags?post=3493"}],"curies":[{"name":"wp","href":"https:\/\/api.w.org\/{rel}","templated":true}]}}