{"id":4501,"date":"2024-07-08T14:16:49","date_gmt":"2024-07-08T12:16:49","guid":{"rendered":"https:\/\/sites.ffkarate.fr\/hautegaronne\/?p=4501"},"modified":"2024-07-08T14:29:10","modified_gmt":"2024-07-08T12:29:10","slug":"appel-a-candidature-equipe-technique-departementale","status":"publish","type":"post","link":"https:\/\/sites.ffkarate.fr\/hautegaronne\/2024\/07\/08\/appel-a-candidature-equipe-technique-departementale\/","title":{"rendered":"Appel \u00e0 candidature \u00e9quipe technique d\u00e9partementale"},"content":{"rendered":"<div class=\"wpb-content-wrapper\"><p>[vc_row][vc_column][vc_column_text]<!--more-->[\/vc_column_text][\/vc_column][\/vc_row][vc_row][vc_column][vc_column_text]Le comit\u00e9 d\u00e9partemental de Karat\u00e9 et Disciplines Associ\u00e9s de la Haute Garonne lance un appel \u00e0 candidature pour son \u00e9quipe technique.<\/p>\n<p><!--more--><\/p>\n<p>Les postes \u00e0 pourvoir sont :<\/p>\n<ul>\n<li>Directeur Technique D\u00e9partemental (DTD)<\/li>\n<li>Responsable des grades<\/li>\n<li>Responsable de la formation<\/li>\n<li>Responsable de l&rsquo;arbitrage<\/li>\n<\/ul>\n<p>Merci d&rsquo;envoyer vos candidatures avant le 31 juillet 2024 \u00e0 l&rsquo;adresse suivante : <a href=\"mailto:cdkda31@ffkarate.fr\" target=\"_blank\" rel=\"noopener\">cdkda31@ffkarate.fr<\/a>[\/vc_column_text][\/vc_column][\/vc_row]<\/p>\n<\/div>","protected":false},"excerpt":{"rendered":"<p>[vc_row][vc_column][vc_column_text]<\/p>\n","protected":false},"author":204,"featured_media":2628,"comment_status":"closed","ping_status":"closed","sticky":false,"template":"","format":"standard","meta":{"footnotes":""},"categories":[13],"tags":[],"class_list":["post-4501","post","type-post","status-publish","format-standard","hentry","category-institutionnel"],"_links":{"self":[{"href":"https:\/\/sites.ffkarate.fr\/hautegaronne\/wp-json\/wp\/v2\/posts\/4501","targetHints":{"allow":["GET"]}}],"collection":[{"href":"https:\/\/sites.ffkarate.fr\/hautegaronne\/wp-json\/wp\/v2\/posts"}],"about":[{"href":"https:\/\/sites.ffkarate.fr\/hautegaronne\/wp-json\/wp\/v2\/types\/post"}],"author":[{"embeddable":true,"href":"https:\/\/sites.ffkarate.fr\/hautegaronne\/wp-json\/wp\/v2\/users\/204"}],"replies":[{"embeddable":true,"href":"https:\/\/sites.ffkarate.fr\/hautegaronne\/wp-json\/wp\/v2\/comments?post=4501"}],"version-history":[{"count":6,"href":"https:\/\/sites.ffkarate.fr\/hautegaronne\/wp-json\/wp\/v2\/posts\/4501\/revisions"}],"predecessor-version":[{"id":4510,"href":"https:\/\/sites.ffkarate.fr\/hautegaronne\/wp-json\/wp\/v2\/posts\/4501\/revisions\/4510"}],"wp:featuredmedia":[{"embeddable":true,"href":"https:\/\/sites.ffkarate.fr\/hautegaronne\/wp-json\/wp\/v2\/media\/2628"}],"wp:attachment":[{"href":"https:\/\/sites.ffkarate.fr\/hautegaronne\/wp-json\/wp\/v2\/media?parent=4501"}],"wp:term":[{"taxonomy":"category","embeddable":true,"href":"https:\/\/sites.ffkarate.fr\/hautegaronne\/wp-json\/wp\/v2\/categories?post=4501"},{"taxonomy":"post_tag","embeddable":true,"href":"https:\/\/sites.ffkarate.fr\/hautegaronne\/wp-json\/wp\/v2\/tags?post=4501"}],"curies":[{"name":"wp","href":"https:\/\/api.w.org\/{rel}","templated":true}]}}